{"id":199783,"date":"2021-11-22T17:27:54","date_gmt":"2021-11-22T22:27:54","guid":{"rendered":"https:\/\/santemc.quebec\/icentre\/?p=199783"},"modified":"2021-11-22T17:43:29","modified_gmt":"2021-11-22T22:43:29","slug":"accessibilite-de-la-formation-medicale-implantation-dun-campus-de-medecine-de-luniversite-de-sherbrooke-en-monteregie-centre","status":"publish","type":"post","link":"https:\/\/santemc.quebec\/icentre\/accessibilite-de-la-formation-medicale-implantation-dun-campus-de-medecine-de-luniversite-de-sherbrooke-en-monteregie-centre\/","title":{"rendered":"Accessibilit\u00e9 de la formation m\u00e9dicale : Implantation d\u2019un campus de m\u00e9decine de l\u2019Universit\u00e9 de Sherbrooke en Mont\u00e9r\u00e9gie-Centre"},"content":{"rendered":"<div id=\"attachment_199792\" style=\"width: 310px\" class=\"wp-caption alignleft\"><a href=\"https:\/\/santemc.quebec\/santemc\/icentre\/wp-content\/uploads\/2021\/11\/Photo-1.jpg\"><img aria-describedby=\"caption-attachment-199792\" decoding=\"async\" loading=\"lazy\" class=\"size-medium wp-image-199792\" src=\"https:\/\/santemc.quebec\/santemc\/icentre\/wp-content\/uploads\/2021\/11\/Photo-1-300x203.jpg\" alt=\"\" width=\"300\" height=\"203\" srcset=\"https:\/\/santemc.quebec\/santemc\/icentre\/wp-content\/uploads\/2021\/11\/Photo-1-300x203.jpg 300w, https:\/\/santemc.quebec\/santemc\/icentre\/wp-content\/uploads\/2021\/11\/Photo-1-1024x692.jpg 1024w, https:\/\/santemc.quebec\/santemc\/icentre\/wp-content\/uploads\/2021\/11\/Photo-1-768x519.jpg 768w, https:\/\/santemc.quebec\/santemc\/icentre\/wp-content\/uploads\/2021\/11\/Photo-1-1536x1038.jpg 1536w, https:\/\/santemc.quebec\/santemc\/icentre\/wp-content\/uploads\/2021\/11\/Photo-1-2048x1384.jpg 2048w, https:\/\/santemc.quebec\/santemc\/icentre\/wp-content\/uploads\/2021\/11\/Photo-1-444x300.jpg 444w\" sizes=\"(max-width: 300px) 100vw, 300px\" \/><\/a><p id=\"caption-attachment-199792\" class=\"wp-caption-text\">De gauche \u00e0 droite : Richard Deschamps, pr\u00e9sident-directeur g\u00e9n\u00e9ral du CISSS de la Mont\u00e9r\u00e9gie-Centre | Marilyne Picard, adjointe parlementaire du ministre de la Sant\u00e9 et des Services sociaux | Simon Jolin-Barrette, ministre de la Justice et procureur g\u00e9n\u00e9ral et ministre responsable de la r\u00e9gion de la Mont\u00e9r\u00e9gie | Charles Vincent, directeur g\u00e9n\u00e9ral du Campus Longueuil |Dominique Dorion, doyen de la Facult\u00e9 de m\u00e9decine et des sciences de la sant\u00e9, Universit\u00e9 de Sherbrooke.<\/p><\/div>\n<p><em>Communiqu\u00e9 de presse diffus\u00e9 aujourd\u2019hui par le gouvernement du Qu\u00e9bec<\/em><\/p>\n<p>Longueuil, le 22 novembre 2021 \u2013 Le ministre de la Justice et procureur g\u00e9n\u00e9ral et ministre responsable de la r\u00e9gion de la Mont\u00e9r\u00e9gie, Simon Jolin-Barrette, ainsi que l\u2019adjointe parlementaire du ministre de la Sant\u00e9 et des Services sociaux, Marilyne Picard, annoncent aujourd\u2019hui, au nom du ministre de la Sant\u00e9 et des Services sociaux, Christian Dub\u00e9, l\u2019implantation d\u2019un programme de formation m\u00e9dicale de l\u2019Universit\u00e9 de Sherbrooke sur le territoire du Centre int\u00e9gr\u00e9 de sant\u00e9 et de services sociaux de la Mont\u00e9r\u00e9gie-Centre.<!--more--><\/p>\n<p>Ce programme, r\u00e9alis\u00e9 en collaboration avec les partenaires universitaires et le minist\u00e8re de la Sant\u00e9 et des Services sociaux (MSSS), permettra de d\u00e9velopper un p\u00f4le d\u2019excellence qui contribuera \u00e0 am\u00e9liorer la qualit\u00e9 des soins et services offerts aux citoyens de la Mont\u00e9r\u00e9gie. Il favorisera \u00e9galement l\u2019attraction et la r\u00e9tention de m\u00e9decins et d\u2019infirmi\u00e8res pour r\u00e9pondre aux besoins de main-d\u2019\u0153uvre de l\u2019\u00e9tablissement, de m\u00eame que l\u2019acc\u00e8s et le d\u00e9veloppement des services dans la r\u00e9gion.<\/p>\n<p>Le pavillon sera situ\u00e9 au 3141, boulevard Taschereau, \u00e0 Longueuil, en face de l\u2019H\u00f4pital Charles-LeMoyne. On y assurera l\u2019enseignement m\u00e9dical et en soins infirmiers. Il pourra accueillir d\u00e8s l\u2019automne 2022 ses premiers 24 \u00e9tudiants. \u00c0 terme, il sera en mesure d\u2019accueillir une centaine d\u2019\u00e9tudiants.<\/p>\n<p><strong>Citations :<\/strong><\/p>\n<p>\u00ab Cette initiative est fond\u00e9e sur les r\u00e9sultats obtenus par des projets similaires dans d\u2019autres r\u00e9gions, offrant un mod\u00e8le novateur de formation, ax\u00e9 sur un partenariat renforc\u00e9 entre les milieux de l\u2019enseignement sup\u00e9rieur et nos \u00e9tablissements de sant\u00e9 et de services sociaux. Le Programme de formation m\u00e9dicale en Mont\u00e9r\u00e9gie permettra de mieux r\u00e9pondre aux besoins de la population, autant en mati\u00e8re de qualit\u00e9 de service que d\u2019acc\u00e8s \u00e0 des professionnels comp\u00e9tents, qui connaissent tr\u00e8s bien la r\u00e9alit\u00e9 de leur milieu de pratique. \u00bb<\/p>\n<p><em>Christian Dub\u00e9, ministre de la Sant\u00e9 et des Services sociaux<\/em><\/p>\n<p>\u00ab Un tel projet d\u2019implantation d\u2019une facult\u00e9 de m\u00e9decine constitue une mesure essentielle qui contribuera \u00e0 mieux pourvoir la Mont\u00e9r\u00e9gie en personnel m\u00e9dical qualifi\u00e9 et au fait des enjeux propres \u00e0 ces milieux de pratique clinique. En appuyant cette initiative, les partenaires du milieu de l\u2019enseignement sup\u00e9rieur et de la sant\u00e9 et des services sociaux d\u00e9montrent leur volont\u00e9 d\u2019innover ensemble, au b\u00e9n\u00e9fice de la population qu\u00e9b\u00e9coise, dont les besoins ne cessent de s\u2019accro\u00eetre. \u00bb<\/p>\n<p>Danielle McCann, ministre de l\u2019Enseignement sup\u00e9rieur<\/p>\n<p>\u00ab Cette initiative viendra fournir \u00e0 notre r\u00e9gion de meilleurs outils pour accueillir la rel\u00e8ve en m\u00e9decine, dans un contexte de hausse marqu\u00e9e des besoins et de raret\u00e9 de main-d\u2019\u0153uvre. Les futurs m\u00e9decins qui passeront par ce programme seront au fait des d\u00e9fis propres \u00e0 la Mont\u00e9r\u00e9gie en mati\u00e8re de sant\u00e9, et pourront aller au bout de leur formation dans un milieu de pratique concret, orient\u00e9 vers la r\u00e9alit\u00e9 des usagers. \u00bb<\/p>\n<p><em>Simon Jolin-Barrette, ministre de la Justice et procureur g\u00e9n\u00e9ral et ministre responsable de la r\u00e9gion de la Mont\u00e9r\u00e9gie<\/em><\/p>\n<p>\u00ab Quelle bonne nouvelle pour la r\u00e9gion, qui pourra compter sur une rel\u00e8ve m\u00e9dicale sans cesse renouvel\u00e9e, et disposant d\u2019une expertise solide en mati\u00e8re de pratique clinique. Cette approche de formation d\u00e9centralis\u00e9e, qui a fait ses preuves dans d\u2019autres r\u00e9gions, b\u00e9n\u00e9ficiera \u00e0 tous les usagers. Elle constitue une excellente solution aux enjeux de personnel m\u00e9dical auxquels est actuellement confront\u00e9 notre r\u00e9seau. \u00bb<\/p>\n<p><em>Marilyne Picard, adjointe parlementaire du ministre de la Sant\u00e9 et des Services sociaux<\/em><\/p>\n<p><strong>Faits saillants :<\/strong><\/p>\n<p>Ce projet s\u2019inscrit dans la volont\u00e9 du gouvernement d\u2019augmenter de mani\u00e8re rapide et importante le nombre d\u2019admissions, \u00e0 hauteur de 17 %, dans les programmes de m\u00e9decine.<\/p>\n<p>Soulignons que la formation pr\u00e9doctorale en 3e et 4e ann\u00e9es est d\u00e9j\u00e0 offerte au CISSS depuis quelques ann\u00e9es. Plus d\u2019une centaine de m\u00e9decins sont d\u00e9j\u00e0 impliqu\u00e9s dans l\u2019enseignement m\u00e9dical avec l\u2019Universit\u00e9 de Sherbrooke. Les \u00e9tudiants pourront donc effectuer leur formation \u00e0 Longueuil, et ce, d\u00e8s leur premi\u00e8re ann\u00e9e du programme de doctorat en m\u00e9decine.<\/p>\n<p>Le nouveau campus pourra profiter de la structure universitaire d\u00e9j\u00e0 en place dans la tour de Longueuil, en particulier pour les services aux \u00e9tudiants. Des travaux seront r\u00e9alis\u00e9s dans les locaux \u00e0 partir de janvier 2022, \u00e0 la suite de l\u2019appel d\u2019offres qui sera lanc\u00e9 dans quelques jours.<\/p>\n<p>Rappelons que d\u2019autres projets semblables ont d\u00e9j\u00e0 \u00e9t\u00e9 mis en place dans certaines r\u00e9gions par le pass\u00e9 :<\/p>\n<ul>\n<li>l\u2019Universit\u00e9 de Montr\u00e9al a un campus \u00e0 Trois-Rivi\u00e8res depuis 2004;<\/li>\n<li>l\u2019Universit\u00e9 de Sherbrooke offre un programme de formation m\u00e9dicale \u00e0 Saguenay ainsi qu\u2019\u00e0 Moncton depuis 2006;<\/li>\n<li>l\u2019Universit\u00e9 McGill a ouvert en 2020 un campus en Outaouais;<\/li>\n<li>l\u2019Universit\u00e9 Laval ouvrira deux campus, \u00e0 Rimouski et \u00e0 L\u00e9vis, \u00e0 compter de 2022.<\/li>\n<\/ul>\n","protected":false},"excerpt":{"rendered":"<p>Communiqu\u00e9 de presse diffus\u00e9 aujourd\u2019hui par le gouvernement du Qu\u00e9bec Longueuil, le 22 novembre 2021 \u2013 Le ministre de la Justice et procureur g\u00e9n\u00e9ral et ministre responsable de la r\u00e9gion de la Mont\u00e9r\u00e9gie, Simon Jolin-Barrette, ainsi que l\u2019adjointe parlementaire du &hellip; <a href=\"https:\/\/santemc.quebec\/icentre\/accessibilite-de-la-formation-medicale-implantation-dun-campus-de-medecine-de-luniversite-de-sherbrooke-en-monteregie-centre\/\">Continuer la lecture <span class=\"meta-nav\">&rarr;<\/span><\/a><\/p>\n","protected":false},"author":1,"featured_media":0,"comment_status":"open","ping_status":"closed","sticky":false,"template":"","format":"standard","meta":{"footnotes":""},"categories":[1],"tags":[],"_links":{"self":[{"href":"https:\/\/santemc.quebec\/icentre\/wp-json\/wp\/v2\/posts\/199783"}],"collection":[{"href":"https:\/\/santemc.quebec\/icentre\/wp-json\/wp\/v2\/posts"}],"about":[{"href":"https:\/\/santemc.quebec\/icentre\/wp-json\/wp\/v2\/types\/post"}],"author":[{"embeddable":true,"href":"https:\/\/santemc.quebec\/icentre\/wp-json\/wp\/v2\/users\/1"}],"replies":[{"embeddable":true,"href":"https:\/\/santemc.quebec\/icentre\/wp-json\/wp\/v2\/comments?post=199783"}],"version-history":[{"count":4,"href":"https:\/\/santemc.quebec\/icentre\/wp-json\/wp\/v2\/posts\/199783\/revisions"}],"predecessor-version":[{"id":199793,"href":"https:\/\/santemc.quebec\/icentre\/wp-json\/wp\/v2\/posts\/199783\/revisions\/199793"}],"wp:attachment":[{"href":"https:\/\/santemc.quebec\/icentre\/wp-json\/wp\/v2\/media?parent=199783"}],"wp:term":[{"taxonomy":"category","embeddable":true,"href":"https:\/\/santemc.quebec\/icentre\/wp-json\/wp\/v2\/categories?post=199783"},{"taxonomy":"post_tag","embeddable":true,"href":"https:\/\/santemc.quebec\/icentre\/wp-json\/wp\/v2\/tags?post=199783"}],"curies":[{"name":"wp","href":"https:\/\/api.w.org\/{rel}","templated":true}]}}