{"id":199812,"date":"2021-11-23T08:29:59","date_gmt":"2021-11-23T13:29:59","guid":{"rendered":"https:\/\/santemc.quebec\/icentre\/?p=199812"},"modified":"2021-11-23T13:31:28","modified_gmt":"2021-11-23T18:31:28","slug":"nathalie-boudreau-directrice-generale-de-la-fondation-hopital-charles-lemoyne-laureate-du-prix-gestionnaire-novatrice-par-excellence-de-lassociation-des-professionnels-en-philanthropie","status":"publish","type":"post","link":"https:\/\/santemc.quebec\/icentre\/nathalie-boudreau-directrice-generale-de-la-fondation-hopital-charles-lemoyne-laureate-du-prix-gestionnaire-novatrice-par-excellence-de-lassociation-des-professionnels-en-philanthropie\/","title":{"rendered":"Nathalie Boudreau, Directrice g\u00e9n\u00e9rale de la Fondation H\u00f4pital Charles-LeMoyne, laur\u00e9ate du Prix Gestionnaire novatrice par excellence de l\u2019Association des Professionnels en Philanthropie"},"content":{"rendered":"<div id=\"attachment_199813\" style=\"width: 310px\" class=\"wp-caption alignleft\"><a href=\"https:\/\/santemc.quebec\/santemc\/icentre\/wp-content\/uploads\/2021\/11\/Nathalie-Boudreau_Prix-AFP_2.jpg\"><img aria-describedby=\"caption-attachment-199813\" decoding=\"async\" loading=\"lazy\" class=\"size-medium wp-image-199813\" src=\"https:\/\/santemc.quebec\/santemc\/icentre\/wp-content\/uploads\/2021\/11\/Nathalie-Boudreau_Prix-AFP_2-300x201.jpg\" alt=\"\" width=\"300\" height=\"201\" srcset=\"https:\/\/santemc.quebec\/santemc\/icentre\/wp-content\/uploads\/2021\/11\/Nathalie-Boudreau_Prix-AFP_2-300x201.jpg 300w, https:\/\/santemc.quebec\/santemc\/icentre\/wp-content\/uploads\/2021\/11\/Nathalie-Boudreau_Prix-AFP_2-449x300.jpg 449w, https:\/\/santemc.quebec\/santemc\/icentre\/wp-content\/uploads\/2021\/11\/Nathalie-Boudreau_Prix-AFP_2.jpg 640w\" sizes=\"(max-width: 300px) 100vw, 300px\" \/><\/a><p id=\"caption-attachment-199813\" class=\"wp-caption-text\">Cr\u00e9dit-photo: Photographie d\u2019\u00e9v\u00e9nements M\u00e9lissa Vincelli<\/p><\/div>\n<p>L\u2019Association des Professionnels en Philanthropie au Qu\u00e9bec (AFP, Association of Fundraising Professionals) a rendu un vibrant hommage \u00e0 Nathalie Boudreau, Directrice g\u00e9n\u00e9rale de la Fondation H\u00f4pital Charles-LeMoyne, en lui d\u00e9cernant le Prix de Gestionnaire novatrice par excellence lors de la Journ\u00e9e Nationale de la Philanthropie du 15 novembre 2021.<!--more--><\/p>\n<p>Nathalie Boudreau pr\u00e9sente une feuille de route exemplaire remplie de r\u00e9alisations remarquables. Elle a notamment fait le pari audacieux, d\u00e8s le printemps 2020, de rallier plusieurs fondations hospitali\u00e8res dans un mouvement de solidarit\u00e9 in\u00e9dit autour d\u2019un \u00e9v\u00e9nement virtuel commun, le D\u00e9fi des g\u00e9n\u00e9rations.<\/p>\n<p>R\u00e9solue a\u0300 faire les choses diff\u00e9remment dans un monde changeant et persuad\u00e9e que l\u2019union fait la force, Mme Boudreau a su inspirer trois autres directeurs g\u00e9n\u00e9raux de fondations hospitali\u00e8res des CISSS de la Mont\u00e9r\u00e9gie \u00e0 se joindre \u00e0 son \u00e9v\u00e9nement-phare, traditionnellement le D\u00e9fi des g\u00e9n\u00e9rations contre le cancer qui se tenait en pr\u00e9sentiel. C\u2019est ainsi qu\u2019est ne\u0301 le D\u00e9fi des g\u00e9n\u00e9rations contre la COVID. Une collaboration sans pr\u00e9c\u00e9dent pour lutter main dans la main contre la pand\u00e9mie !<\/p>\n<p>Nathalie Boudreau a d\u00e9montr\u00e9 qu\u2019elle privil\u00e9giait la collaboration entre fondations d\u2019un m\u00eame territoire. Elle a g\u00e9n\u00e9reusement mis a\u0300 leur disposition une marque forte, b\u00e2tie sur plusieurs ann\u00e9es, dans l\u2019espoir de cr\u00e9er un impact plus grand pour la sante\u0301 de la communaut\u00e9. En ce sens, Mme Boudreau a jou\u00e9 un v\u00e9ritable r\u00f4le de catalyseur de changement. Sous son impulsion, les 4 fondations ont mis en commun vision et ressources, et le tout fut couronn\u00e9 de succ\u00e8s avec un revenu 5 fois plus \u00e9lev\u00e9 que les ann\u00e9es pr\u00e9c\u00e9dentes et plus d\u2019un million de dollars recueilli en seulement deux \u00e9ditions! Son leadership lui a \u00e9galement valu l\u2019appui des \u00e9lus du territoire et la mobilisation de la communaut\u00e9 des affaires qui s\u2019est jointe au D\u00e9fi.<\/p>\n<p>Mme Boudreau n\u2019entend pas s\u2019arr\u00eater la\u0300, puisque son ambition va bien au-del\u00e0 des fronti\u00e8res de la Mont\u00e9r\u00e9gie. Son r\u00eave ? Que tous les h\u00f4pitaux au Qu\u00e9bec se regroupent autour du D\u00e9fi des g\u00e9n\u00e9rations pour le bien-\u00eatre des patients et de leurs familles.<\/p>\n<p><strong><em>\u00c0 propos des Prix d\u2019excellence en philanthropie<\/em><\/strong><\/p>\n<p><em>Chaque ann\u00e9e, \u00e0 l\u2019occasion de la Journ\u00e9e Nationale de la Philanthropie du 15 novembre, l\u2019AFP Qu\u00e9bec remet des prix d\u2019excellence \u00e0 des individus et des entreprises qui se surpassent dans leurs actions b\u00e9n\u00e9voles et leurs campagnes de financement afin de contribuer au mieux-\u00eatre des autres et par le fait m\u00eame de notre soci\u00e9t\u00e9. Le Prix Gestionnaire novateur par excellence honore un.e professionnel.le qui a su faire preuve de leadership exemplaire et d\u2019innovation exceptionnelle dans le secteur de la philanthropie au cours de la derni\u00e8re ann\u00e9e.<\/em><\/p>\n","protected":false},"excerpt":{"rendered":"<p>L\u2019Association des Professionnels en Philanthropie au Qu\u00e9bec (AFP, Association of Fundraising Professionals) a rendu un vibrant hommage \u00e0 Nathalie Boudreau, Directrice g\u00e9n\u00e9rale de la Fondation H\u00f4pital Charles-LeMoyne, en lui d\u00e9cernant le Prix de Gestionnaire novatrice par excellence lors de la &hellip; <a href=\"https:\/\/santemc.quebec\/icentre\/nathalie-boudreau-directrice-generale-de-la-fondation-hopital-charles-lemoyne-laureate-du-prix-gestionnaire-novatrice-par-excellence-de-lassociation-des-professionnels-en-philanthropie\/\">Continuer la lecture <span class=\"meta-nav\">&rarr;<\/span><\/a><\/p>\n","protected":false},"author":1,"featured_media":0,"comment_status":"open","ping_status":"closed","sticky":false,"template":"","format":"standard","meta":{"footnotes":""},"categories":[1],"tags":[],"_links":{"self":[{"href":"https:\/\/santemc.quebec\/icentre\/wp-json\/wp\/v2\/posts\/199812"}],"collection":[{"href":"https:\/\/santemc.quebec\/icentre\/wp-json\/wp\/v2\/posts"}],"about":[{"href":"https:\/\/santemc.quebec\/icentre\/wp-json\/wp\/v2\/types\/post"}],"author":[{"embeddable":true,"href":"https:\/\/santemc.quebec\/icentre\/wp-json\/wp\/v2\/users\/1"}],"replies":[{"embeddable":true,"href":"https:\/\/santemc.quebec\/icentre\/wp-json\/wp\/v2\/comments?post=199812"}],"version-history":[{"count":1,"href":"https:\/\/santemc.quebec\/icentre\/wp-json\/wp\/v2\/posts\/199812\/revisions"}],"predecessor-version":[{"id":199814,"href":"https:\/\/santemc.quebec\/icentre\/wp-json\/wp\/v2\/posts\/199812\/revisions\/199814"}],"wp:attachment":[{"href":"https:\/\/santemc.quebec\/icentre\/wp-json\/wp\/v2\/media?parent=199812"}],"wp:term":[{"taxonomy":"category","embeddable":true,"href":"https:\/\/santemc.quebec\/icentre\/wp-json\/wp\/v2\/categories?post=199812"},{"taxonomy":"post_tag","embeddable":true,"href":"https:\/\/santemc.quebec\/icentre\/wp-json\/wp\/v2\/tags?post=199812"}],"curies":[{"name":"wp","href":"https:\/\/api.w.org\/{rel}","templated":true}]}}