{"id":199827,"date":"2021-11-24T09:34:31","date_gmt":"2021-11-24T14:34:31","guid":{"rendered":"https:\/\/santemc.quebec\/icentre\/?p=199827"},"modified":"2021-11-24T09:34:31","modified_gmt":"2021-11-24T14:34:31","slug":"debut-de-la-vaccination-des-enfants-de-5-a-11-ans-contre-la-covid","status":"publish","type":"post","link":"https:\/\/santemc.quebec\/icentre\/debut-de-la-vaccination-des-enfants-de-5-a-11-ans-contre-la-covid\/","title":{"rendered":"D\u00e9but de la vaccination des enfants de 5 \u00e0 11 ans contre la COVID"},"content":{"rendered":"<p><em>Communiqu\u00e9 de presse diffus\u00e9 aujourd&rsquo;hui par la Direction de sant\u00e9 publique<\/em><\/p>\n<p>Une nouvelle \u00e9tape de la campagne de vaccination contre la COVID-19 est franchie d\u00e8s aujourd\u2019hui alors que d\u00e9bute la vaccination des jeunes \u00e2g\u00e9s de 5 \u00e0 11 ans.<\/p>\n<p>Pour favoriser la vaccination des enfants et r\u00e9pondre le mieux possible aux besoins exprim\u00e9s par les parents, des \u00e9quipes se rendront dans toutes les \u00e9coles primaires de la Mont\u00e9r\u00e9gie pour vacciner les \u00e9l\u00e8ves. Au cours des prochains jours, les parents seront invit\u00e9s \u00e0 inscrire leurs enfants par le biais de la plateforme du Centre de services scolaires et \u00e0 remplir le formulaire de consentement sur Clic sant\u00e9 pour que leurs enfants puissent recevoir le vaccin en m\u00eame temps que les autres \u00e9l\u00e8ves de leur classe.<!--more--><\/p>\n<p>Des cliniques de vaccination seront \u00e9galement ouvertes les soirs et les week-ends pour permettre aux parents qui le souhaitent d\u2019accompagner leurs enfants lors de la vaccination. Ces parents devront prendre rendez-vous \u00e0 cette adresse\u00a0:\u00a0<a class=\"is-external is-new-window\" href=\"https:\/\/www.quebec.ca\/sante\/problemes-de-sante\/a-z\/coronavirus-2019\/deroulement-vaccination-contre-la-covid-19\/\" target=\"_blank\" rel=\"noopener\">Qu\u00e9bec.ca\/vaccinCOVID<\/a>\u00a0Les directions de vaccination de tous les CISSS de la Mont\u00e9r\u00e9gie ont rivalis\u00e9 d\u2019imagination pour d\u00e9corer et animer leurs centres de vaccination afin de rendre l\u2019exp\u00e9rience la plus agr\u00e9able possible pour cette jeune client\u00e8le.<\/p>\n<p>La directrice de sant\u00e9 publique de la Mont\u00e9r\u00e9gie invite les parents \u00e0 faire vacciner leurs enfants contre la COVID. \u00ab Je sais qu\u2019il y a des parents qui attendent ce moment depuis longtemps alors que d\u2019autres sont plus h\u00e9sitants.\u00a0 La COVID circule encore en Mont\u00e9r\u00e9gie, particuli\u00e8rement chez les personnes qui ne sont pas vaccin\u00e9es. Le vaccin est efficace et s\u00e9curitaire. C\u2019est le meilleur moyen dont nous disposons pour freiner la propagation du virus.\u00bb<\/p>\n<p>Actuellement, c\u2019est chez les enfants de moins de 10 ans qu\u2019on trouve la plus grande proportion de cas de COVID-19 dans la r\u00e9gion. En Mont\u00e9r\u00e9gie, un peu plus de la moiti\u00e9 des \u00e9closions actives sont dans le milieu scolaire, principalement dans les \u00e9coles primaires.<\/p>\n<p>Pour plus d\u2019information sur la COVID en Mont\u00e9r\u00e9gie, nous vous invitons \u00e0 consulter le portail\u00a0<a href=\"https:\/\/www.santemonteregie.qc.ca\/conseils-sante\/coronavirus-covid-19\">https:\/\/www.santemonteregie.qc.ca\/conseils-sante\/coronavirus-covid-19<\/a>. La sant\u00e9 publique publie chaque semaine des informations ainsi que des donn\u00e9es sur sa page Facebook que vous pouvez consulter \u00e0 l\u2019adresse suivante\u00a0:\u00a0<a class=\"is-external is-new-window\" href=\"https:\/\/www.facebook.com\/DSPMonteregie\/\" target=\"_blank\" rel=\"noopener\">https:\/\/www.facebook.com\/DSPMonteregie\/<\/a><\/p>\n","protected":false},"excerpt":{"rendered":"<p>Communiqu\u00e9 de presse diffus\u00e9 aujourd&rsquo;hui par la Direction de sant\u00e9 publique Une nouvelle \u00e9tape de la campagne de vaccination contre la COVID-19 est franchie d\u00e8s aujourd\u2019hui alors que d\u00e9bute la vaccination des jeunes \u00e2g\u00e9s de 5 \u00e0 11 ans. Pour &hellip; <a href=\"https:\/\/santemc.quebec\/icentre\/debut-de-la-vaccination-des-enfants-de-5-a-11-ans-contre-la-covid\/\">Continuer la lecture <span class=\"meta-nav\">&rarr;<\/span><\/a><\/p>\n","protected":false},"author":1,"featured_media":0,"comment_status":"open","ping_status":"closed","sticky":false,"template":"","format":"standard","meta":{"footnotes":""},"categories":[1],"tags":[],"_links":{"self":[{"href":"https:\/\/santemc.quebec\/icentre\/wp-json\/wp\/v2\/posts\/199827"}],"collection":[{"href":"https:\/\/santemc.quebec\/icentre\/wp-json\/wp\/v2\/posts"}],"about":[{"href":"https:\/\/santemc.quebec\/icentre\/wp-json\/wp\/v2\/types\/post"}],"author":[{"embeddable":true,"href":"https:\/\/santemc.quebec\/icentre\/wp-json\/wp\/v2\/users\/1"}],"replies":[{"embeddable":true,"href":"https:\/\/santemc.quebec\/icentre\/wp-json\/wp\/v2\/comments?post=199827"}],"version-history":[{"count":1,"href":"https:\/\/santemc.quebec\/icentre\/wp-json\/wp\/v2\/posts\/199827\/revisions"}],"predecessor-version":[{"id":199828,"href":"https:\/\/santemc.quebec\/icentre\/wp-json\/wp\/v2\/posts\/199827\/revisions\/199828"}],"wp:attachment":[{"href":"https:\/\/santemc.quebec\/icentre\/wp-json\/wp\/v2\/media?parent=199827"}],"wp:term":[{"taxonomy":"category","embeddable":true,"href":"https:\/\/santemc.quebec\/icentre\/wp-json\/wp\/v2\/categories?post=199827"},{"taxonomy":"post_tag","embeddable":true,"href":"https:\/\/santemc.quebec\/icentre\/wp-json\/wp\/v2\/tags?post=199827"}],"curies":[{"name":"wp","href":"https:\/\/api.w.org\/{rel}","templated":true}]}}