{"id":199831,"date":"2021-11-24T15:45:31","date_gmt":"2021-11-24T20:45:31","guid":{"rendered":"https:\/\/santemc.quebec\/icentre\/?p=199831"},"modified":"2021-11-24T15:47:53","modified_gmt":"2021-11-24T20:47:53","slug":"les-12-jours-daction-contre-les-violences-faites-aux-femmes-du-25-novembre-au-6-decembre","status":"publish","type":"post","link":"https:\/\/santemc.quebec\/icentre\/les-12-jours-daction-contre-les-violences-faites-aux-femmes-du-25-novembre-au-6-decembre\/","title":{"rendered":"Les 12 jours d\u2019action contre les violences faites aux femmes :  du 25 novembre au 6 d\u00e9cembre"},"content":{"rendered":"<p><strong><a href=\"https:\/\/santemc.quebec\/santemc\/icentre\/wp-content\/uploads\/2021\/11\/12jours.png\"><img decoding=\"async\" loading=\"lazy\" class=\"size-medium wp-image-199833 alignleft\" src=\"https:\/\/santemc.quebec\/santemc\/icentre\/wp-content\/uploads\/2021\/11\/12jours-300x131.png\" alt=\"\" width=\"300\" height=\"131\" srcset=\"https:\/\/santemc.quebec\/santemc\/icentre\/wp-content\/uploads\/2021\/11\/12jours-300x131.png 300w, https:\/\/santemc.quebec\/santemc\/icentre\/wp-content\/uploads\/2021\/11\/12jours.png 493w\" sizes=\"(max-width: 300px) 100vw, 300px\" \/><\/a>Les 12 jours d\u2019action contre les violences faites aux femmes d\u00e9buteront le 25 novembre, dans le cadre de la Journ\u00e9e internationale pour l\u2019\u00e9limination de la violence \u00e0 l\u2019\u00e9gard des femmes, reconnue par l\u2019Organisation des Nations unies (ONU) depuis 1999. Au Qu\u00e9bec, la campagne annuelle se terminera le 6 d\u00e9cembre, lors de la Journ\u00e9e nationale de comm\u00e9moration et d\u2019action contre la violence faite aux femmes qui comm\u00e9more les meurtres des 14 femmes de l\u2019\u00c9cole Polytechnique de Montr\u00e9al, survenus en 1989.<\/strong><\/p>\n<p><!--more--><\/p>\n<p><strong>Une campagne mondiale, des actions locales<br \/>\n<\/strong>Les jours d\u2019action pour l\u2019\u00e9limination de la violence envers les femmes se d\u00e9roulent partout dans le monde. Plus de 180 pays y participent. Sur notre territoire, plusieurs organisations participent \u00e0 la lutte contre les violences faites aux femmes. Deux tables de concertation en mati\u00e8re de violence conjugale et d\u2019agression sexuelle r\u00e9unissent diff\u00e9rents partenaires, tant communautaires qu\u2019institutionnels et ceux-ci unissent leurs expertises dans les dossiers reli\u00e9s \u00e0 la violence conjugale et aux agressions \u00e0 caract\u00e8re sexuel. Il est important de souligner le travail de ces organisations dont la mission est d\u2019enrayer les violences faites aux femmes. En cette ann\u00e9e o\u00f9 l\u2019on observe une hausse tragique des f\u00e9minicides et des violences faites aux femmes, il faut rappeler l\u2019importance de leur travail au quotidien.<\/p>\n<ul>\n<li>Les maisons d\u2019h\u00e9bergement pour les femmes et les enfants victimes de violence conjugale (Carrefour pour Elle, Pavillon Marguerite-de-Champlain, Maison Simonne-Monet-Chartrand, Maison Hina)<\/li>\n<li>Les centres de femmes (Centre de femmes de Longueuil, Com\u2019Femme \u2013 Centre de femmes de Brossard, Centre de femmes Entres Ailes, Centre de femmes Ainsi soit-elle et Centre de femmes du Haut-Richelieu)<\/li>\n<li>Les organismes travaillant avec les auteurs de violence conjugale et de violence sexuelle (Entraide pour hommes et CIVAS Mont\u00e9r\u00e9gie)<\/li>\n<li>Organismes d\u2019aide pour les victimes d\u2019agression sexuelle (La Travers\u00e9e et L\u2019Expression Libre)<\/li>\n<li>Organisme d\u2019\u00e9ducation et de promotion en mati\u00e8re de sant\u00e9 sexuelle (\u00c9missaire)<\/li>\n<li>Concertation jeunesse pour pr\u00e9venir et contrer l\u2019exploitation sexuelle (Pr\u00e9vention jeunesse Longueuil)<\/li>\n<li>Mouvement SEM (sensibilisation \u00e0 une enfance meilleure)<\/li>\n<li>Justice alternative du Haut-Richelieu<\/li>\n<li>Centre d\u2019aide pour les victimes d\u2019acte criminel (CAVAC-Mont\u00e9r\u00e9gie)<\/li>\n<li>Les Centres int\u00e9gr\u00e9s de sant\u00e9 et de services sociaux (CISSS) de la Mont\u00e9r\u00e9gie et la Direction de la protection de la jeunesse-Mont\u00e9r\u00e9gie<\/li>\n<li>Les services de police (Service de police de l\u2019agglom\u00e9ration de Longueuil, R\u00e9gie intermunicipale de police Richelieu-Saint-Laurent et Service de police de Saint-Jean-sur-Richelieu)<\/li>\n<\/ul>\n<p>Il est essentiel dans le contexte actuel de r\u00e9fl\u00e9chir aux enjeux li\u00e9s aux violences faites aux femmes et aux solutions \u00e0 mettre en place. Un kiosque de sensibilisation se tiendra le 25 novembre de 13 h \u00e0 16 h 30 \u00e0 l\u2019H\u00f4pital Charles-Le Moyne pour y distribuer des rubans blancs, symboles de la solidarit\u00e9 \u00e0 cette cause. La Maison Hina organisera aussi un kiosque le 1<sup>er<\/sup> d\u00e9cembre \u00e0 midi \u00e0 la Polyvalente-Chanoine-Armant-Racicot \u00e0 Saint-Jean-sur-Richelieu.<\/p>\n<p><strong>Vous avez besoin d\u2019aide ou connaissez une femme qui a besoin d\u2019aide?<\/strong><\/p>\n<p><strong>SOS violence conjugale<br \/>\n<\/strong><strong>1\u00a0800 363-9010-24\/7<br \/>\n<\/strong>438 601-1211-TEXTO<br \/>\n<a href=\"mailto:sos@sosviolenceconjugale.ca\" target=\"_blank\" rel=\"noopener\">sos@sosviolenceconjugale.ca<\/a><\/p>\n<p><strong>Info-aide violence sexuelle<br \/>\n<\/strong><strong>1 888 933-9007<br \/>\n<\/strong>514 933-9007<br \/>\n<a href=\"https:\/\/infoaideviolencesexuelle.ca\/\" target=\"_blank\" rel=\"noopener\">infoaideviolencesexuelle.ca<\/a><\/p>\n<p><strong>Pour en savoir plus\u00a0: <\/strong><\/p>\n<p>Site des 12 jours d\u2019action contre les violences faites aux femmes\u00a0: <a href=\"https:\/\/12joursdaction.com\/fr\/\" target=\"_blank\" rel=\"noopener\">https:\/\/12joursdaction.com\/fr\/<\/a><\/p>\n<p>Site de l\u2019Association qu\u00e9b\u00e9coise des organismes de coop\u00e9ration internationale<br \/>\n<a href=\"https:\/\/aqoci.qc.ca\/12-jours-d-action-contre-les-violences-faites-aux-femmes\/\" target=\"_blank\" rel=\"noopener\">https:\/\/aqoci.qc.ca\/12-jours-d-action-contre-les-violences-faites-aux-femmes\/<\/a><\/p>\n<p>Site de la Table de concertation en mati\u00e8re de violence conjugale et d&rsquo;agression sexuelle de l&rsquo;agglom\u00e9ration de Longueuil et de la MRC Marguerite-D\u2019Youville\u00a0: <a href=\"https:\/\/www.tableviolence.org\/\" target=\"_blank\" rel=\"noopener\">https:\/\/www.tableviolence.org\/<\/a><\/p>\n","protected":false},"excerpt":{"rendered":"<p>Les 12 jours d\u2019action contre les violences faites aux femmes d\u00e9buteront le 25 novembre, dans le cadre de la Journ\u00e9e internationale pour l\u2019\u00e9limination de la violence \u00e0 l\u2019\u00e9gard des femmes, reconnue par l\u2019Organisation des Nations unies (ONU) depuis 1999. Au &hellip; <a href=\"https:\/\/santemc.quebec\/icentre\/les-12-jours-daction-contre-les-violences-faites-aux-femmes-du-25-novembre-au-6-decembre\/\">Continuer la lecture <span class=\"meta-nav\">&rarr;<\/span><\/a><\/p>\n","protected":false},"author":9,"featured_media":0,"comment_status":"open","ping_status":"closed","sticky":false,"template":"","format":"standard","meta":{"footnotes":""},"categories":[1],"tags":[],"_links":{"self":[{"href":"https:\/\/santemc.quebec\/icentre\/wp-json\/wp\/v2\/posts\/199831"}],"collection":[{"href":"https:\/\/santemc.quebec\/icentre\/wp-json\/wp\/v2\/posts"}],"about":[{"href":"https:\/\/santemc.quebec\/icentre\/wp-json\/wp\/v2\/types\/post"}],"author":[{"embeddable":true,"href":"https:\/\/santemc.quebec\/icentre\/wp-json\/wp\/v2\/users\/9"}],"replies":[{"embeddable":true,"href":"https:\/\/santemc.quebec\/icentre\/wp-json\/wp\/v2\/comments?post=199831"}],"version-history":[{"count":4,"href":"https:\/\/santemc.quebec\/icentre\/wp-json\/wp\/v2\/posts\/199831\/revisions"}],"predecessor-version":[{"id":199836,"href":"https:\/\/santemc.quebec\/icentre\/wp-json\/wp\/v2\/posts\/199831\/revisions\/199836"}],"wp:attachment":[{"href":"https:\/\/santemc.quebec\/icentre\/wp-json\/wp\/v2\/media?parent=199831"}],"wp:term":[{"taxonomy":"category","embeddable":true,"href":"https:\/\/santemc.quebec\/icentre\/wp-json\/wp\/v2\/categories?post=199831"},{"taxonomy":"post_tag","embeddable":true,"href":"https:\/\/santemc.quebec\/icentre\/wp-json\/wp\/v2\/tags?post=199831"}],"curies":[{"name":"wp","href":"https:\/\/api.w.org\/{rel}","templated":true}]}}