{"id":199841,"date":"2021-11-26T09:06:08","date_gmt":"2021-11-26T14:06:08","guid":{"rendered":"https:\/\/santemc.quebec\/icentre\/?p=199841"},"modified":"2021-11-26T14:11:55","modified_gmt":"2021-11-26T19:11:55","slug":"loi-visant-a-mieux-proteger-les-personnes-en-situation-de-vulnerabilite-pl-18","status":"publish","type":"post","link":"https:\/\/santemc.quebec\/icentre\/loi-visant-a-mieux-proteger-les-personnes-en-situation-de-vulnerabilite-pl-18\/","title":{"rendered":"Loi visant \u00e0 mieux prot\u00e9ger les personnes en situation de vuln\u00e9rabilit\u00e9 PL-18"},"content":{"rendered":"<p>La nouvelle loi visant \u00e0 mieux prot\u00e9ger les personnes en situation de vuln\u00e9rabilit\u00e9 a \u00e9t\u00e9 adopt\u00e9e le 2 juin 2020 et entrera en vigueur en juin 2022. Le Curateur public du Qu\u00e9bec souhaite ainsi am\u00e9liorer la protection offerte aux personnes en situation de vuln\u00e9rabilit\u00e9. Le nouveau dispositif de protection pourra \u00eatre adapt\u00e9 \u00e0 chaque situation et permettra de valoriser l\u2019autonomie de ces personnes, tout en tenant compte de leurs volont\u00e9s et pr\u00e9f\u00e9rences, de pr\u00e9server autant que possible l\u2019exercice de leurs droits et d\u2019encadrer davantage la gestion du patrimoine des mineurs.<\/p>\n<p><!--more--><\/p>\n<p><strong>Une s\u00e9rie vid\u00e9o \u00e0 visionner et partager!<br \/>\n<\/strong>Le CISSSMC se joint au Curateur public et \u00e0 Kim Th\u00fay, sa nouvelle ambassadrice, pour vous inviter \u00e0 visionner les six capsules vid\u00e9o de la s\u00e9rie \u00ab\u00a0<strong>On a tous un r\u00f4le \u00e0 jouer<\/strong>\u00a0\u00bb. Au moyen de rencontres chaleureuses avec le Curateur public, des intervenants du secteur juridique, des professionnelles du r\u00e9seau de la sant\u00e9 et des services sociaux, ainsi que par le biais d\u2019une rencontre touchante avec une m\u00e8re et son fils, Kim Th\u00fay d\u00e9couvre l\u2019impact qu\u2019aura la loi et nous rappelle que nous avons tous un r\u00f4le \u00e0 jouer.<\/p>\n<p><em>Visionnez les capsules en cliquant sur l\u2019image<\/em><\/p>\n<p><a href=\"https:\/\/www.curateur.gouv.qc.ca\/cura\/fr\/curateur\/mieuxproteger.html\" target=\"_blank\" rel=\"noopener\"><img decoding=\"async\" loading=\"lazy\" class=\"size-full wp-image-199843 alignleft\" src=\"https:\/\/santemc.quebec\/santemc\/icentre\/wp-content\/uploads\/2021\/11\/KThuy.jpg\" alt=\"\" width=\"300\" height=\"250\" \/><\/a><\/p>\n<p>&nbsp;<\/p>\n<p>&nbsp;<\/p>\n<p>&nbsp;<\/p>\n<p>&nbsp;<\/p>\n<p>&nbsp;<\/p>\n<p>&nbsp;<\/p>\n<p>&nbsp;<\/p>\n<p><strong>S\u00e9ances d\u2019information offertes les 30 novembre et 14 d\u00e9cembre<br \/>\n<\/strong>Vous souhaitez obtenir plus d\u2019information sur la nouvelle loi? Deux s\u00e9ances d\u2019information sont exclusivement offertes gratuitement aux employ\u00e9s de la sant\u00e9 et des services sociaux. Pour y participer, veuillez d\u2019abord obtenir l\u2019autorisation de votre gestionnaire. Vous pourrez ensuite faire votre inscription, qui est obligatoire, en cliquant sur les liens ci-dessous pour chacune des s\u00e9ances. <strong>C\u2019est gratuit!\u00a0<\/strong><\/p>\n<p>Note\u00a0: Ces s\u00e9ances de Webinaires contiennent de l&rsquo;information g\u00e9n\u00e9rale et\u00a0ne portent pas sur les changements qui seront apport\u00e9s aux pratiques une fois la loi en vigueur.\u00a0Aucune attestation de pr\u00e9sence ni cr\u00e9dit de formation ne seront offerts puisqu\u2019il ne s\u2019agit pas d\u2019une formation.<\/p>\n<p><strong>30 novembre 2021, \u00e0 10 h :\u00a0<em>Tout savoir sur la mesure d\u2019assistance<br \/>\n<\/em><\/strong>Cette s\u00e9ance portera sur un nouvel outil simple et accessible\u00a0: la mesure d\u2019assistance. Cette mesure\u00a0sera disponible d\u00e8s juin 2022. En une seule d\u00e9marche, une personne qui vit une difficult\u00e9 et souhaitant \u00eatre aid\u00e9e pourra compter sur un ou deux assistants pour la soutenir. Ces derniers pourront \u00eatre officiellement reconnus par les entreprises, minist\u00e8res, organismes et professionnels et agir comme interm\u00e9diaires pour la personne qu\u2019ils assistent. Apprenez-en plus sur cette nouveaut\u00e9 en vous inscrivant\u00a0:\u00a0<a href=\"https:\/\/can01.safelinks.protection.outlook.com\/?url=https%3A%2F%2Flepointdevente.com%2Fbillets%2Fmieuxprotegerrsss301121&amp;data=04%7C01%7Ccaroline.brodeur.cisssmc16%40ssss.gouv.qc.ca%7C68abaf6076704abf49c508d9a08d66a0%7C06e1fe285f8b4075bf6cae24be1a7992%7C0%7C0%7C637717351431002463%7CUnknown%7CTWFpbGZsb3d8eyJWIjoiMC4wLjAwMDAiLCJQIjoiV2luMzIiLCJBTiI6Ik1haWwiLCJXVCI6Mn0%3D%7C1000&amp;sdata=kQ8xIe0p%2FoCrcfNrZ%2Ft%2FIAVSwZpXQPmT8WwnPEzIA74%3D&amp;reserved=0\" target=\"_blank\" rel=\"noopener\">https:\/\/lepointdevente.com\/billets\/mieuxprotegerrsss301121<\/a><\/p>\n<p><strong>14 d\u00e9cembre 2021, \u00e0 10 h\u00a0: <em>Tout savoir sur le mandat de protection<br \/>\n<\/em><\/strong>Cette s\u00e9ance portera\u00a0sur le mandat de protection, un outil indispensable pour pr\u00e9voir l\u2019impr\u00e9visible! Avec l\u2019aide du formulaire et du guide offerts gratuitement par le\u00a0Curateur\u00a0public, vous en apprendrez davantage sur le contenu du mandat, le processus d\u2019homologation et les\u00a0bonifications qui seront apport\u00e9es lors de l\u2019entr\u00e9e en vigueur de la loi.<\/p>\n<p>Inscrivez-vous\u00a0:\u00a0<a href=\"https:\/\/can01.safelinks.protection.outlook.com\/?url=https%3A%2F%2Flepointdevente.com%2Fbillets%2Fmieuxprotegerrsss141221&amp;data=04%7C01%7Ccaroline.brodeur.cisssmc16%40ssss.gouv.qc.ca%7C68abaf6076704abf49c508d9a08d66a0%7C06e1fe285f8b4075bf6cae24be1a7992%7C0%7C0%7C637717351431002463%7CUnknown%7CTWFpbGZsb3d8eyJWIjoiMC4wLjAwMDAiLCJQIjoiV2luMzIiLCJBTiI6Ik1haWwiLCJXVCI6Mn0%3D%7C1000&amp;sdata=IiXsGFt%2FD%2FiSpI2f4xfyrRrTirgcS60cmx25mMSZUW4%3D&amp;reserved=0\" target=\"_blank\" rel=\"noopener\">https:\/\/lepointdevente.com\/billets\/mieuxprotegerrsss141221<\/a><\/p>\n<p>Nous vous invitons aussi \u00e0 consulter <a href=\"https:\/\/intranetcisssmc.rtss.qc.ca\/directions-cliniques\/direction-des-services-multidisciplinaires\/volet-qualite-et-evolution-de-la-pratique\">l\u2019intranet du CISSSMC<\/a> pour en apprendre davantage sur la <strong>Loi visant \u00e0 mieux prot\u00e9ger les personnes en situation de vuln\u00e9rabilit\u00e9.<\/strong><\/p>\n<p>&nbsp;<\/p>\n<p>&nbsp;<\/p>\n","protected":false},"excerpt":{"rendered":"<p>La nouvelle loi visant \u00e0 mieux prot\u00e9ger les personnes en situation de vuln\u00e9rabilit\u00e9 a \u00e9t\u00e9 adopt\u00e9e le 2 juin 2020 et entrera en vigueur en juin 2022. Le Curateur public du Qu\u00e9bec souhaite ainsi am\u00e9liorer la protection offerte aux personnes &hellip; <a href=\"https:\/\/santemc.quebec\/icentre\/loi-visant-a-mieux-proteger-les-personnes-en-situation-de-vulnerabilite-pl-18\/\">Continuer la lecture <span class=\"meta-nav\">&rarr;<\/span><\/a><\/p>\n","protected":false},"author":9,"featured_media":0,"comment_status":"open","ping_status":"closed","sticky":false,"template":"","format":"standard","meta":{"footnotes":""},"categories":[1],"tags":[],"_links":{"self":[{"href":"https:\/\/santemc.quebec\/icentre\/wp-json\/wp\/v2\/posts\/199841"}],"collection":[{"href":"https:\/\/santemc.quebec\/icentre\/wp-json\/wp\/v2\/posts"}],"about":[{"href":"https:\/\/santemc.quebec\/icentre\/wp-json\/wp\/v2\/types\/post"}],"author":[{"embeddable":true,"href":"https:\/\/santemc.quebec\/icentre\/wp-json\/wp\/v2\/users\/9"}],"replies":[{"embeddable":true,"href":"https:\/\/santemc.quebec\/icentre\/wp-json\/wp\/v2\/comments?post=199841"}],"version-history":[{"count":3,"href":"https:\/\/santemc.quebec\/icentre\/wp-json\/wp\/v2\/posts\/199841\/revisions"}],"predecessor-version":[{"id":199906,"href":"https:\/\/santemc.quebec\/icentre\/wp-json\/wp\/v2\/posts\/199841\/revisions\/199906"}],"wp:attachment":[{"href":"https:\/\/santemc.quebec\/icentre\/wp-json\/wp\/v2\/media?parent=199841"}],"wp:term":[{"taxonomy":"category","embeddable":true,"href":"https:\/\/santemc.quebec\/icentre\/wp-json\/wp\/v2\/categories?post=199841"},{"taxonomy":"post_tag","embeddable":true,"href":"https:\/\/santemc.quebec\/icentre\/wp-json\/wp\/v2\/tags?post=199841"}],"curies":[{"name":"wp","href":"https:\/\/api.w.org\/{rel}","templated":true}]}}