{"id":199848,"date":"2021-11-25T13:26:38","date_gmt":"2021-11-25T18:26:38","guid":{"rendered":"https:\/\/santemc.quebec\/icentre\/?p=199848"},"modified":"2021-11-25T13:26:38","modified_gmt":"2021-11-25T18:26:38","slug":"deploiement-de-nouvelles-pages-web-dediees-au-reseau-de-cancerologie-de-la-monteregie-rcm","status":"publish","type":"post","link":"https:\/\/santemc.quebec\/icentre\/deploiement-de-nouvelles-pages-web-dediees-au-reseau-de-cancerologie-de-la-monteregie-rcm\/","title":{"rendered":"D\u00e9ploiement de nouvelles pages Web d\u00e9di\u00e9es au R\u00e9seau de canc\u00e9rologie de la Mont\u00e9r\u00e9gie (RCM)"},"content":{"rendered":"<p>Le RCM est fier de vous informer que plusieurs pages Web et un url sp\u00e9cifique ont \u00e9t\u00e9 d\u00e9velopp\u00e9s tout sp\u00e9cialement dans le but de soutenir les professionnels et les \u00e9quipes qui \u0153uvrent de pr\u00e8s ou de loin en canc\u00e9rologie. En effet, ces pages Web offrent du soutien, de la formation et des informations cibl\u00e9es en lien avec la lutte contre le cancer. Vous pouvez les d\u00e9couvrir \u00e0 l\u2019adresse suivante\u00a0: <a href=\"http:\/\/www.lercm.ca\" target=\"_blank\" rel=\"noopener\"><strong>www.lercm.ca<\/strong><\/a><\/p>\n<p><!--more--><\/p>\n<p>Ces nouvelles pages permettent un acc\u00e8s plus facile aux diff\u00e9rents services offerts par le RCM. Vous y retrouverez notamment les d\u00e9tails et la proc\u00e9dure d\u2019inscription aux diff\u00e9rentes formations continues offertes gratuitement en canc\u00e9rologie ainsi qu\u2019un espace de partage entre les professionnels et les communaut\u00e9s de pratiques. Aussi, vous y trouverez des informations sur le colloque du RCM, les conf\u00e9rences \u00e0 venir et des documents y seront r\u00e9guli\u00e8rement d\u00e9pos\u00e9s.<\/p>\n<p>Nous invitons tous les professionnels et gestionnaires impliqu\u00e9s en canc\u00e9rologie ou dans un organisme offrant des services aux personnes atteintes de cancer ainsi que leurs proches \u00e0 venir d\u00e9couvrir ces nouvelles pages.<\/p>\n<p>Nous en profitons pour remercier toutes les personnes qui ont particip\u00e9 \u00e0 ce projet qui permettra un plus grand rayonnement du R\u00e9seau de canc\u00e9rologie de la Mont\u00e9r\u00e9gie<\/p>\n","protected":false},"excerpt":{"rendered":"<p>Le RCM est fier de vous informer que plusieurs pages Web et un url sp\u00e9cifique ont \u00e9t\u00e9 d\u00e9velopp\u00e9s tout sp\u00e9cialement dans le but de soutenir les professionnels et les \u00e9quipes qui \u0153uvrent de pr\u00e8s ou de loin en canc\u00e9rologie. En &hellip; <a href=\"https:\/\/santemc.quebec\/icentre\/deploiement-de-nouvelles-pages-web-dediees-au-reseau-de-cancerologie-de-la-monteregie-rcm\/\">Continuer la lecture <span class=\"meta-nav\">&rarr;<\/span><\/a><\/p>\n","protected":false},"author":9,"featured_media":0,"comment_status":"open","ping_status":"closed","sticky":false,"template":"","format":"standard","meta":{"footnotes":""},"categories":[1],"tags":[],"_links":{"self":[{"href":"https:\/\/santemc.quebec\/icentre\/wp-json\/wp\/v2\/posts\/199848"}],"collection":[{"href":"https:\/\/santemc.quebec\/icentre\/wp-json\/wp\/v2\/posts"}],"about":[{"href":"https:\/\/santemc.quebec\/icentre\/wp-json\/wp\/v2\/types\/post"}],"author":[{"embeddable":true,"href":"https:\/\/santemc.quebec\/icentre\/wp-json\/wp\/v2\/users\/9"}],"replies":[{"embeddable":true,"href":"https:\/\/santemc.quebec\/icentre\/wp-json\/wp\/v2\/comments?post=199848"}],"version-history":[{"count":1,"href":"https:\/\/santemc.quebec\/icentre\/wp-json\/wp\/v2\/posts\/199848\/revisions"}],"predecessor-version":[{"id":199849,"href":"https:\/\/santemc.quebec\/icentre\/wp-json\/wp\/v2\/posts\/199848\/revisions\/199849"}],"wp:attachment":[{"href":"https:\/\/santemc.quebec\/icentre\/wp-json\/wp\/v2\/media?parent=199848"}],"wp:term":[{"taxonomy":"category","embeddable":true,"href":"https:\/\/santemc.quebec\/icentre\/wp-json\/wp\/v2\/categories?post=199848"},{"taxonomy":"post_tag","embeddable":true,"href":"https:\/\/santemc.quebec\/icentre\/wp-json\/wp\/v2\/tags?post=199848"}],"curies":[{"name":"wp","href":"https:\/\/api.w.org\/{rel}","templated":true}]}}