{"id":199857,"date":"2021-11-26T17:07:38","date_gmt":"2021-11-26T22:07:38","guid":{"rendered":"https:\/\/santemc.quebec\/icentre\/?p=199857"},"modified":"2021-11-26T17:19:44","modified_gmt":"2021-11-26T22:19:44","slug":"les-25-jours-menant-aux-fetes-seront-soulignes-au-cisssmc","status":"publish","type":"post","link":"https:\/\/santemc.quebec\/icentre\/les-25-jours-menant-aux-fetes-seront-soulignes-au-cisssmc\/","title":{"rendered":"Les 25 jours menant aux F\u00eates seront soulign\u00e9s au CISSSMC"},"content":{"rendered":"<p><a href=\"https:\/\/santemc.quebec\/santemc\/icentre\/wp-content\/uploads\/2021\/11\/25jours.png\"><img decoding=\"async\" loading=\"lazy\" class=\" wp-image-199855 alignleft\" src=\"https:\/\/santemc.quebec\/santemc\/icentre\/wp-content\/uploads\/2021\/11\/25jours.png\" alt=\"\" width=\"290\" height=\"290\" srcset=\"https:\/\/santemc.quebec\/santemc\/icentre\/wp-content\/uploads\/2021\/11\/25jours.png 1120w, https:\/\/santemc.quebec\/santemc\/icentre\/wp-content\/uploads\/2021\/11\/25jours-300x300.png 300w, https:\/\/santemc.quebec\/santemc\/icentre\/wp-content\/uploads\/2021\/11\/25jours-1024x1024.png 1024w, https:\/\/santemc.quebec\/santemc\/icentre\/wp-content\/uploads\/2021\/11\/25jours-150x150.png 150w, https:\/\/santemc.quebec\/santemc\/icentre\/wp-content\/uploads\/2021\/11\/25jours-768x769.png 768w\" sizes=\"(max-width: 290px) 100vw, 290px\" \/><\/a><\/p>\n<p>Surveillez l\u2019intranet et le i-Centre : chaque jour, <strong>du 29 novembre au 23 d\u00e9cembre (incluant la fin de semaine)<\/strong>, un message de reconnaissance sera diffus\u00e9. R\u00e9dig\u00e9s par une directrice ou un directeur, ces messages viendront souligner l\u2019engagement et reconna\u00eetre la contribution des \u00e9quipes de l\u2019organisation!<\/p>\n<p><strong>Mais, ce n\u2019est pas tout\u2026<\/strong><\/p>\n<p><!--more--><\/p>\n<p>Chaque jour, nous proc\u00e9derons \u00e0 un tirage de cartes-cadeaux parmi tous les employ\u00e9s du CISSS.<\/p>\n<p>Du 29 novembre au 23 d\u00e9cembre, chaque jour, m\u00eame la fin de semaine, <strong>10 cartes-cadeaux de magasinage<\/strong>, d\u2019une <strong>valeur de 100 $<\/strong>, seront remises.<\/p>\n<p>Le tirage se terminera par la remise,<strong> le 23 d\u00e9cembre<\/strong>, de 4 lots suppl\u00e9mentaires, soit <strong>4 cartes-cadeaux de magasinage<\/strong>\u00a0d\u2019une <strong>valeur de 475 $<\/strong> chacune.<a href=\"https:\/\/santemc.quebec\/santemc\/icentre\/wp-content\/uploads\/2021\/11\/calendrier.png\"><img decoding=\"async\" loading=\"lazy\" class=\"wp-image-199856 size-medium aligncenter\" src=\"https:\/\/santemc.quebec\/santemc\/icentre\/wp-content\/uploads\/2021\/11\/calendrier-300x262.png\" alt=\"\" width=\"300\" height=\"262\" srcset=\"https:\/\/santemc.quebec\/santemc\/icentre\/wp-content\/uploads\/2021\/11\/calendrier-300x262.png 300w, https:\/\/santemc.quebec\/santemc\/icentre\/wp-content\/uploads\/2021\/11\/calendrier.png 1239w\" sizes=\"(max-width: 300px) 100vw, 300px\" \/><\/a><\/p>\n<p>L\u2019ann\u00e9e 2021 a pr\u00e9sent\u00e9 son lot de d\u00e9fis, nous souhaitons donc apporter de la joie, reconna\u00eetre votre ind\u00e9fectible engagement et vous accompagner dans le d\u00e9but de vos c\u00e9l\u00e9brations du temps des F\u00eates!<\/p>\n<p><em><strong>On se retrouve le 29 novembre pour le d\u00e9but de nos 25 jours de c\u00e9l\u00e9brations!<\/strong><\/em><\/p>\n<p>&nbsp;<\/p>\n","protected":false},"excerpt":{"rendered":"<p>Surveillez l\u2019intranet et le i-Centre : chaque jour, du 29 novembre au 23 d\u00e9cembre (incluant la fin de semaine), un message de reconnaissance sera diffus\u00e9. R\u00e9dig\u00e9s par une directrice ou un directeur, ces messages viendront souligner l\u2019engagement et reconna\u00eetre la &hellip; <a href=\"https:\/\/santemc.quebec\/icentre\/les-25-jours-menant-aux-fetes-seront-soulignes-au-cisssmc\/\">Continuer la lecture <span class=\"meta-nav\">&rarr;<\/span><\/a><\/p>\n","protected":false},"author":32,"featured_media":0,"comment_status":"open","ping_status":"closed","sticky":false,"template":"","format":"standard","meta":{"footnotes":""},"categories":[1],"tags":[],"_links":{"self":[{"href":"https:\/\/santemc.quebec\/icentre\/wp-json\/wp\/v2\/posts\/199857"}],"collection":[{"href":"https:\/\/santemc.quebec\/icentre\/wp-json\/wp\/v2\/posts"}],"about":[{"href":"https:\/\/santemc.quebec\/icentre\/wp-json\/wp\/v2\/types\/post"}],"author":[{"embeddable":true,"href":"https:\/\/santemc.quebec\/icentre\/wp-json\/wp\/v2\/users\/32"}],"replies":[{"embeddable":true,"href":"https:\/\/santemc.quebec\/icentre\/wp-json\/wp\/v2\/comments?post=199857"}],"version-history":[{"count":9,"href":"https:\/\/santemc.quebec\/icentre\/wp-json\/wp\/v2\/posts\/199857\/revisions"}],"predecessor-version":[{"id":199975,"href":"https:\/\/santemc.quebec\/icentre\/wp-json\/wp\/v2\/posts\/199857\/revisions\/199975"}],"wp:attachment":[{"href":"https:\/\/santemc.quebec\/icentre\/wp-json\/wp\/v2\/media?parent=199857"}],"wp:term":[{"taxonomy":"category","embeddable":true,"href":"https:\/\/santemc.quebec\/icentre\/wp-json\/wp\/v2\/categories?post=199857"},{"taxonomy":"post_tag","embeddable":true,"href":"https:\/\/santemc.quebec\/icentre\/wp-json\/wp\/v2\/tags?post=199857"}],"curies":[{"name":"wp","href":"https:\/\/api.w.org\/{rel}","templated":true}]}}