{"id":199936,"date":"2021-11-26T14:39:09","date_gmt":"2021-11-26T19:39:09","guid":{"rendered":"https:\/\/santemc.quebec\/icentre\/?p=199936"},"modified":"2021-11-26T17:17:06","modified_gmt":"2021-11-26T22:17:06","slug":"le-cisss-de-la-monteregie-centre-remporte-un-prix-dexcellence-de-ladministration-publique-2021-pour-le-projet-hors-piste","status":"publish","type":"post","link":"https:\/\/santemc.quebec\/icentre\/le-cisss-de-la-monteregie-centre-remporte-un-prix-dexcellence-de-ladministration-publique-2021-pour-le-projet-hors-piste\/","title":{"rendered":"Le CISSS de la Mont\u00e9r\u00e9gie-Centre remporte un Prix d\u2019excellence de l\u2019administration publique du Qu\u00e9bec pour le projet HORS-PISTE"},"content":{"rendered":"<div class=\"mceTemp\"><\/div>\n<p><a href=\"https:\/\/santemc.quebec\/santemc\/icentre\/wp-content\/uploads\/2021\/11\/iapq.jpg\"><img decoding=\"async\" loading=\"lazy\" class=\"alignleft size-full wp-image-199961\" src=\"https:\/\/santemc.quebec\/santemc\/icentre\/wp-content\/uploads\/2021\/11\/iapq.jpg\" alt=\"\" width=\"201\" height=\"148\" \/><\/a>Grande nouvelle pour notre CISSS! \u00a0Hier soir avait lieu la c\u00e9r\u00e9monie de remise des Prix d\u2019excellence de l\u2019administration publique du Qu\u00e9bec 2021. Notre organisation a \u00e9t\u00e9 sacr\u00e9e grande gagnante de la cat\u00e9gorie Sant\u00e9 et services sociaux pour le <a href=\"https:\/\/www.santemonteregie.qc.ca\/centre\/programme-de-prevention-des-troubles-anxieux-hors-piste\" target=\"_blank\" rel=\"noopener\">d\u00e9ploiement national du programme de pr\u00e9vention des troubles anxieux HORS-PISTE<\/a>.<\/p>\n<p><!--more--><\/p>\n<p>Une d\u00e9l\u00e9gation du CISSS \u00e9tait sur place pour recevoir ce prix prestigieux d\u00e9cern\u00e9 par l\u2019Institut d\u2019administration publique du Qu\u00e9bec. Les Prix d\u2019excellence sont l\u2019occasion de r\u00e9compenser les prouesses des organisations et visent \u00e0 reconna\u00eetre les pratiques innovantes et \u00e0 souligner les bons coups des \u00e9quipes qui se d\u00e9marquent.<\/p>\n<p>Bravo \u00e0 toute l\u2019\u00e9quipe de soutien au d\u00e9ploiement national pour cette r\u00e9ussite remarquable!<\/p>\n<div style=\"background-color: #48c9c3; padding: 10px;\"><em>\u00ab J\u2019aimerais f\u00e9liciter nos \u00e9quipes qui travaillent en \u00e9troite collaboration avec des intervenants de toute la province. Ensemble, nous esp\u00e9rons pouvoir agir efficacement afin de diminuer les troubles anxieux chez les jeunes. \u00bb &#8211; <\/em><br \/>\nRichard Deschamps<\/div>\n<p>Pour en savoir plus sur le d\u00e9ploiement national d\u2019HORS-PISTE<br \/>\n<a href=\"https:\/\/www.santemc.quebec\/horspiste\" target=\"_blank\" rel=\"noopener\">https:\/\/www.santemc.quebec\/horspiste<\/a><\/p>\n<p>Pour visionner la vid\u00e9o des laur\u00e9ats de la cat\u00e9gorie Sant\u00e9 et service sociaux\u00a0<a class=\"oajrlxb2 g5ia77u1 qu0x051f esr5mh6w e9989ue4 r7d6kgcz rq0escxv nhd2j8a9 nc684nl6 p7hjln8o kvgmc6g5 cxmmr5t8 oygrvhab hcukyx3x jb3vyjys rz4wbd8a qt6c0cv9 a8nywdso i1ao9s8h esuyzwwr f1sip0of lzcic4wl py34i1dx gpro0wi8\" tabindex=\"0\" role=\"link\" href=\"https:\/\/www.youtube.com\/watch?v=UxMDFFzYF88&amp;t=45s&amp;fbclid=IwAR3AtHZKdVXQdEDpRxkQIO2H6Azy8E6gH7XKWeFhMCa2k-15O_8LRdNwxMc\" target=\"_blank\" rel=\"nofollow noopener\">https:\/\/www.youtube.com\/watch?v=UxMDFFzYF88&amp;t=45s<\/a><\/p>\n<div id=\"attachment_199952\" style=\"width: 1232px\" class=\"wp-caption aligncenter\"><a href=\"https:\/\/santemc.quebec\/santemc\/icentre\/wp-content\/uploads\/2021\/11\/prix_HorsPiste.jpg\"><img aria-describedby=\"caption-attachment-199952\" decoding=\"async\" loading=\"lazy\" class=\"wp-image-199952 size-full\" src=\"https:\/\/santemc.quebec\/santemc\/icentre\/wp-content\/uploads\/2021\/11\/prix_HorsPiste.jpg\" alt=\"\" width=\"1222\" height=\"756\" srcset=\"https:\/\/santemc.quebec\/santemc\/icentre\/wp-content\/uploads\/2021\/11\/prix_HorsPiste.jpg 1222w, https:\/\/santemc.quebec\/santemc\/icentre\/wp-content\/uploads\/2021\/11\/prix_HorsPiste-300x186.jpg 300w, https:\/\/santemc.quebec\/santemc\/icentre\/wp-content\/uploads\/2021\/11\/prix_HorsPiste-1024x634.jpg 1024w, https:\/\/santemc.quebec\/santemc\/icentre\/wp-content\/uploads\/2021\/11\/prix_HorsPiste-768x475.jpg 768w, https:\/\/santemc.quebec\/santemc\/icentre\/wp-content\/uploads\/2021\/11\/prix_HorsPiste-485x300.jpg 485w\" sizes=\"(max-width: 1222px) 100vw, 1222px\" \/><\/a><p id=\"caption-attachment-199952\" class=\"wp-caption-text\">Luc Castonguay, pr\u00e9sident du jury de s\u00e9lection des Prix d\u2019excellence IAPQ 2021; Denise B\u00e9dard, directrice g\u00e9n\u00e9rale adjointe aux programmes de soutien, d\u2019administration et de partenariats par int\u00e9rim et directrice des ressources financi\u00e8res; Catherine Rousseau, technicienne en administration; Lyne Marquis, directrice g\u00e9n\u00e9rale adjointe; Marilou Hamelin, agente de planification, programmation et recherche; Richard Deschamps, pr\u00e9sident-directeur g\u00e9n\u00e9ral; Chantal Angrignon, conseill\u00e8re-cadre; Jos\u00e9e Rivard, directrice du Programme jeunesse; Jos\u00e9e Blanchette, agente de planification, programmation et recherche; Sylvie Gr\u00e9goire, directrice des communications et des affaires publiques.<\/p><\/div>\n<div id=\"attachment_199971\" style=\"width: 2110px\" class=\"wp-caption alignleft\"><a href=\"https:\/\/santemc.quebec\/santemc\/icentre\/wp-content\/uploads\/2021\/11\/53_Prix_Sante-et-Services-sociaux_CA.jpg\"><img aria-describedby=\"caption-attachment-199971\" decoding=\"async\" loading=\"lazy\" class=\"size-full wp-image-199971\" src=\"https:\/\/santemc.quebec\/santemc\/icentre\/wp-content\/uploads\/2021\/11\/53_Prix_Sante-et-Services-sociaux_CA.jpg\" alt=\"\" width=\"2100\" height=\"1368\" srcset=\"https:\/\/santemc.quebec\/santemc\/icentre\/wp-content\/uploads\/2021\/11\/53_Prix_Sante-et-Services-sociaux_CA.jpg 2100w, https:\/\/santemc.quebec\/santemc\/icentre\/wp-content\/uploads\/2021\/11\/53_Prix_Sante-et-Services-sociaux_CA-300x195.jpg 300w, https:\/\/santemc.quebec\/santemc\/icentre\/wp-content\/uploads\/2021\/11\/53_Prix_Sante-et-Services-sociaux_CA-1024x667.jpg 1024w, https:\/\/santemc.quebec\/santemc\/icentre\/wp-content\/uploads\/2021\/11\/53_Prix_Sante-et-Services-sociaux_CA-768x500.jpg 768w, https:\/\/santemc.quebec\/santemc\/icentre\/wp-content\/uploads\/2021\/11\/53_Prix_Sante-et-Services-sociaux_CA-1536x1001.jpg 1536w, https:\/\/santemc.quebec\/santemc\/icentre\/wp-content\/uploads\/2021\/11\/53_Prix_Sante-et-Services-sociaux_CA-2048x1334.jpg 2048w, https:\/\/santemc.quebec\/santemc\/icentre\/wp-content\/uploads\/2021\/11\/53_Prix_Sante-et-Services-sociaux_CA-461x300.jpg 461w\" sizes=\"(max-width: 2100px) 100vw, 2100px\" \/><\/a><p id=\"caption-attachment-199971\" class=\"wp-caption-text\">Lyne Marquis, directrice g\u00e9n\u00e9rale adjointe, Denise B\u00e9dard, directrice g\u00e9n\u00e9rale adjointe aux programmes de soutien, d\u2019administration et de partenariats par int\u00e9rim et directrice des ressources financi\u00e8res, Richard Deschamps, pr\u00e9sident-directeur g\u00e9n\u00e9ral, Pierre Boucher, pr\u00e9sident du conseil d&rsquo;administration, Nicole Mongeon, vice-pr\u00e9sidente du conseil d&rsquo;administration<\/p><\/div>\n","protected":false},"excerpt":{"rendered":"<p>Grande nouvelle pour notre CISSS! \u00a0Hier soir avait lieu la c\u00e9r\u00e9monie de remise des Prix d\u2019excellence de l\u2019administration publique du Qu\u00e9bec 2021. Notre organisation a \u00e9t\u00e9 sacr\u00e9e grande gagnante de la cat\u00e9gorie Sant\u00e9 et services sociaux pour le d\u00e9ploiement national &hellip; <a href=\"https:\/\/santemc.quebec\/icentre\/le-cisss-de-la-monteregie-centre-remporte-un-prix-dexcellence-de-ladministration-publique-2021-pour-le-projet-hors-piste\/\">Continuer la lecture <span class=\"meta-nav\">&rarr;<\/span><\/a><\/p>\n","protected":false},"author":9,"featured_media":0,"comment_status":"open","ping_status":"closed","sticky":false,"template":"","format":"standard","meta":{"footnotes":""},"categories":[1],"tags":[],"_links":{"self":[{"href":"https:\/\/santemc.quebec\/icentre\/wp-json\/wp\/v2\/posts\/199936"}],"collection":[{"href":"https:\/\/santemc.quebec\/icentre\/wp-json\/wp\/v2\/posts"}],"about":[{"href":"https:\/\/santemc.quebec\/icentre\/wp-json\/wp\/v2\/types\/post"}],"author":[{"embeddable":true,"href":"https:\/\/santemc.quebec\/icentre\/wp-json\/wp\/v2\/users\/9"}],"replies":[{"embeddable":true,"href":"https:\/\/santemc.quebec\/icentre\/wp-json\/wp\/v2\/comments?post=199936"}],"version-history":[{"count":10,"href":"https:\/\/santemc.quebec\/icentre\/wp-json\/wp\/v2\/posts\/199936\/revisions"}],"predecessor-version":[{"id":199972,"href":"https:\/\/santemc.quebec\/icentre\/wp-json\/wp\/v2\/posts\/199936\/revisions\/199972"}],"wp:attachment":[{"href":"https:\/\/santemc.quebec\/icentre\/wp-json\/wp\/v2\/media?parent=199936"}],"wp:term":[{"taxonomy":"category","embeddable":true,"href":"https:\/\/santemc.quebec\/icentre\/wp-json\/wp\/v2\/categories?post=199936"},{"taxonomy":"post_tag","embeddable":true,"href":"https:\/\/santemc.quebec\/icentre\/wp-json\/wp\/v2\/tags?post=199936"}],"curies":[{"name":"wp","href":"https:\/\/api.w.org\/{rel}","templated":true}]}}