{"id":200000,"date":"2021-11-29T08:51:05","date_gmt":"2021-11-29T13:51:05","guid":{"rendered":"https:\/\/santemc.quebec\/icentre\/?p=200000"},"modified":"2021-11-29T08:56:12","modified_gmt":"2021-11-29T13:56:12","slug":"venez-rencontrer-votre-comite-paritaire-en-sante-et-securite-au-travail","status":"publish","type":"post","link":"https:\/\/santemc.quebec\/icentre\/venez-rencontrer-votre-comite-paritaire-en-sante-et-securite-au-travail\/","title":{"rendered":"Venez rencontrer votre comit\u00e9 paritaire en sant\u00e9 et s\u00e9curit\u00e9 au travail"},"content":{"rendered":"<p><a href=\"https:\/\/santemc.quebec\/santemc\/icentre\/wp-content\/uploads\/2021\/11\/CPSST.gif\"><img decoding=\"async\" loading=\"lazy\" class=\" wp-image-200001 alignleft\" src=\"https:\/\/santemc.quebec\/santemc\/icentre\/wp-content\/uploads\/2021\/11\/CPSST-197x300.gif\" alt=\"\" width=\"168\" height=\"251\" \/><\/a>Du 30 novembre au 3 d\u00e9cembre, le comit\u00e9 paritaire en sant\u00e9 et s\u00e9curit\u00e9 au travail, form\u00e9 de repr\u00e9sentants de l\u2019APTS, de la FIQ, de la CSN et de repr\u00e9sentants de l\u2019employeur, se d\u00e9placera dans 12 installations afin de rencontrer ses membres en personne dans les milieux de travail.<\/p>\n<p>Ce sera un moment bien choisi pour venir poser des questions et de discuter des enjeux en mati\u00e8re de sant\u00e9 et s\u00e9curit\u00e9 au travail qui vous pr\u00e9occupent.<\/p>\n<p><!--more--><\/p>\n<p>Vous pourrez \u00e9galement \u00e9changer avec les repr\u00e9sentants du CPSST sur divers sujets :<\/p>\n<ul>\n<li>le mandat du CPSST;<\/li>\n<li>les r\u00e9alisations;<\/li>\n<li>le plan d\u2019action et les priorit\u00e9s pour les prochains mois;<\/li>\n<li>les services offerts par le programme d\u2019aide aux employ\u00e9s.<\/li>\n<\/ul>\n<p>Consultez l\u2019horaire d\u00e9taill\u00e9 ci-dessous pour les 4 jours de rencontres sur le terrain. Le comit\u00e9 vous attendra \u00e0 proximit\u00e9 des entr\u00e9es des employ\u00e9s pour chacune des installations.<\/p>\n<p><strong>Plus de 1000 paires de crampons seront offertes aux employ\u00e9s sur place!<\/strong><\/p>\n<p><strong>Horaire <\/strong><\/p>\n<table width=\"652\">\n<tbody>\n<tr>\n<td style=\"text-align: center;\" colspan=\"5\" width=\"652\"><strong>Un rendez-vous \u00e0 l\u2019entr\u00e9e des employ\u00e9s<\/strong><\/td>\n<\/tr>\n<tr>\n<td width=\"56\"><\/td>\n<td width=\"123\"><strong>30 novembre<\/strong><\/td>\n<td width=\"161\"><strong>1er d\u00e9cembre<\/strong><\/td>\n<td width=\"151\"><strong>2 d\u00e9cembre<\/strong><\/td>\n<td width=\"161\">\u00a0<strong>3 d\u00e9cembre<\/strong><\/td>\n<\/tr>\n<tr>\n<td width=\"123\">AM<br \/>\n<span style=\"font-family: inherit; font-size: inherit;\">6 h 45 &#8211;<br \/>\n9 h 15<\/span><\/td>\n<td width=\"123\">CHSLD<br \/>\nSainte-Croix<\/p>\n<p>CHSLD Champagnat<\/td>\n<td width=\"161\">H\u00f4pital Charles-<br \/>\nLe Moyne<\/p>\n<p>CHSLD Gertrude-Lafrance<\/p>\n<p>Centre Saint-Lambert<\/td>\n<td width=\"151\">CHSLD Georges-Phaneuf<\/p>\n<p>CHSLD Henriette-C\u00e9r\u00e9<\/p>\n<p>CHLD Champlain<\/p>\n<p>CHSLD Docteur-Chevrier<\/td>\n<td width=\"161\">H\u00f4pital Charles-<br \/>\nLe Moyne<\/p>\n<p>H\u00f4pital du Haut-Richelieu<\/td>\n<\/tr>\n<tr>\n<td width=\"123\">PM<br \/>\n<span style=\"font-family: inherit; font-size: inherit;\">14 h 45 &#8211; 17 h<\/span><\/td>\n<td width=\"123\">CHSLD<br \/>\nDocteur-Chevrier<\/td>\n<td width=\"161\">H\u00f4pital Charles-<br \/>\nLe Moyne<\/p>\n<p>CHSLD Sainte-Croix<\/p>\n<p>CHSLD Henriette-C\u00e9r\u00e9<\/td>\n<td width=\"151\">H\u00f4pital<br \/>\ndu Haut-Richelieu<\/p>\n<p>CHSLD Gertrude-Lafrance<\/p>\n<p>CHSLD<br \/>\nVal-Joli<\/td>\n<td width=\"161\">CHSLD<br \/>\nSaint-Joseph<\/p>\n<p>CHSLD Champagnat<\/td>\n<\/tr>\n<\/tbody>\n<\/table>\n","protected":false},"excerpt":{"rendered":"<p>Du 30 novembre au 3 d\u00e9cembre, le comit\u00e9 paritaire en sant\u00e9 et s\u00e9curit\u00e9 au travail, form\u00e9 de repr\u00e9sentants de l\u2019APTS, de la FIQ, de la CSN et de repr\u00e9sentants de l\u2019employeur, se d\u00e9placera dans 12 installations afin de rencontrer ses &hellip; <a href=\"https:\/\/santemc.quebec\/icentre\/venez-rencontrer-votre-comite-paritaire-en-sante-et-securite-au-travail\/\">Continuer la lecture <span class=\"meta-nav\">&rarr;<\/span><\/a><\/p>\n","protected":false},"author":9,"featured_media":0,"comment_status":"open","ping_status":"closed","sticky":false,"template":"","format":"standard","meta":{"footnotes":""},"categories":[1],"tags":[],"_links":{"self":[{"href":"https:\/\/santemc.quebec\/icentre\/wp-json\/wp\/v2\/posts\/200000"}],"collection":[{"href":"https:\/\/santemc.quebec\/icentre\/wp-json\/wp\/v2\/posts"}],"about":[{"href":"https:\/\/santemc.quebec\/icentre\/wp-json\/wp\/v2\/types\/post"}],"author":[{"embeddable":true,"href":"https:\/\/santemc.quebec\/icentre\/wp-json\/wp\/v2\/users\/9"}],"replies":[{"embeddable":true,"href":"https:\/\/santemc.quebec\/icentre\/wp-json\/wp\/v2\/comments?post=200000"}],"version-history":[{"count":5,"href":"https:\/\/santemc.quebec\/icentre\/wp-json\/wp\/v2\/posts\/200000\/revisions"}],"predecessor-version":[{"id":200006,"href":"https:\/\/santemc.quebec\/icentre\/wp-json\/wp\/v2\/posts\/200000\/revisions\/200006"}],"wp:attachment":[{"href":"https:\/\/santemc.quebec\/icentre\/wp-json\/wp\/v2\/media?parent=200000"}],"wp:term":[{"taxonomy":"category","embeddable":true,"href":"https:\/\/santemc.quebec\/icentre\/wp-json\/wp\/v2\/categories?post=200000"},{"taxonomy":"post_tag","embeddable":true,"href":"https:\/\/santemc.quebec\/icentre\/wp-json\/wp\/v2\/tags?post=200000"}],"curies":[{"name":"wp","href":"https:\/\/api.w.org\/{rel}","templated":true}]}}