{"id":200009,"date":"2021-11-29T14:17:08","date_gmt":"2021-11-29T19:17:08","guid":{"rendered":"https:\/\/santemc.quebec\/icentre\/?p=200009"},"modified":"2021-11-29T14:17:08","modified_gmt":"2021-11-29T19:17:08","slug":"mardi-7-decembre-conference-%e2%80%89covid-19-la-sante-publique-et-les-ecoles-lecons-apprises%e2%80%89","status":"publish","type":"post","link":"https:\/\/santemc.quebec\/icentre\/mardi-7-decembre-conference-%e2%80%89covid-19-la-sante-publique-et-les-ecoles-lecons-apprises%e2%80%89\/","title":{"rendered":"Mardi 7 d\u00e9cembre : conf\u00e9rence \u00ab\u2009COVID-19, la sant\u00e9 publique et les \u00e9coles : le\u00e7ons apprises\u2009\u00bb"},"content":{"rendered":"<p><strong><a style=\"text-decoration-line: underline; font-weight: 300;\" href=\"https:\/\/santemc.quebec\/santemc\/icentre\/wp-content\/uploads\/2021\/11\/JulieLoslier.jpg\"><img decoding=\"async\" loading=\"lazy\" class=\"alignleft wp-image-200010 size-medium\" style=\"border-color: #bbbbbb; background: #eeeeee;\" src=\"https:\/\/santemc.quebec\/santemc\/icentre\/wp-content\/uploads\/2021\/11\/JulieLoslier-300x292.jpg\" alt=\"\" width=\"300\" height=\"292\" srcset=\"https:\/\/santemc.quebec\/santemc\/icentre\/wp-content\/uploads\/2021\/11\/JulieLoslier-300x292.jpg 300w, https:\/\/santemc.quebec\/santemc\/icentre\/wp-content\/uploads\/2021\/11\/JulieLoslier-1024x997.jpg 1024w, https:\/\/santemc.quebec\/santemc\/icentre\/wp-content\/uploads\/2021\/11\/JulieLoslier-768x748.jpg 768w, https:\/\/santemc.quebec\/santemc\/icentre\/wp-content\/uploads\/2021\/11\/JulieLoslier-308x300.jpg 308w, https:\/\/santemc.quebec\/santemc\/icentre\/wp-content\/uploads\/2021\/11\/JulieLoslier.jpg 1500w\" sizes=\"(max-width: 300px) 100vw, 300px\" \/><\/a><\/strong><\/p>\n<p>&nbsp;<\/p>\n<p>&nbsp;<\/p>\n<p><strong>Le Centre de recherche Charles-Le Moyne vous invite \u00e0 la conf\u00e9rence \u00ab\u2009COVID-19, la sant\u00e9 publique et les \u00e9coles : le\u00e7ons apprises\u2009\u00bb.\u00a0<\/strong><\/p>\n<p><strong>Cette conf\u00e9rence gratuite, offerte en ligne, aura lieu le 7 d\u00e9cembre 2021<\/strong>,\u00a0<strong>de midi \u00e0 13\u00a0h<\/strong>.<\/p>\n<p><!--more--><\/p>\n<p>&nbsp;<\/p>\n<p><strong>Les conf\u00e9renci\u00e8res :<\/strong><\/p>\n<ul>\n<li><strong>Julie Loslier <\/strong>est m\u00e9decin sp\u00e9cialiste en sant\u00e9 publique et directrice r\u00e9gionale de sant\u00e9 publique de la Mont\u00e9r\u00e9gie depuis 2016. Elle est \u00e9galement professeure titulaire \u00e0 la Facult\u00e9 de m\u00e9decine de l\u2019Universit\u00e9 de Sherbrooke et chercheuse associ\u00e9e au Centre de recherche Charles-Le Moyne. Depuis avril 2019, elle pr\u00e9side le comit\u00e9 de vigilance sur le cannabis du Gouvernement du Qu\u00e9bec.<\/li>\n<li><strong>Marie-Claude Huberdeau <\/strong>est directrice g\u00e9n\u00e9rale adjointe au Centre de services scolaire des Grandes-Seigneuries depuis 2018. Enseignante de formation, elle a \u00e9galement \u00e9t\u00e9 directrice d\u2019\u00e9cole secondaire et adjointe aux services \u00e9ducatifs du Centre de services scolaire Marguerite-Bourgeois. Titulaire d\u2019une ma\u00eetrise et d\u2019un dipl\u00f4me d\u2019\u00e9tudes sp\u00e9cialis\u00e9es de troisi\u00e8me cycle en gestion de l\u2019\u00e9ducation, elle est actuellement charg\u00e9e de cours \u00e0 l\u2019Universit\u00e9 de Sherbrooke.<\/li>\n<li><strong>Kareen Nour, Ph. D.,<\/strong> est d\u00e9tentrice d\u2019un doctorat en sant\u00e9 publique de l\u2019Universit\u00e9 de Montr\u00e9al. Depuis 2017, elle est coordonnatrice r\u00e9gionale de l\u2019\u00e9quipe Maladies infectieuses, de gestion des menaces et sant\u00e9 environnementale \u00e0 la Direction de sant\u00e9 publique du Centre int\u00e9gr\u00e9 de sant\u00e9 et de services sociaux (CISSS) de la Mont\u00e9r\u00e9gie-Centre. Depuis janvier 2020, elle est impliqu\u00e9e activement dans la coordination des \u00e9quipes \u0153uvrant \u00e0 l\u2019investigation et le suivi des cas et des contacts COVID, \u00e0 la gestion des \u00e9closions dans la communaut\u00e9, les milieux de vie et le milieu scolaire au sein de la sant\u00e9 publique de la Mont\u00e9r\u00e9gie.<\/li>\n<\/ul>\n<h2><strong>R\u00e9sum\u00e9 de la conf\u00e9rence\u00a0:<\/strong><\/h2>\n<p>Lors de la conf\u00e9rence, les trois intervenantes discuteront autour des questions suivantes\u00a0:<\/p>\n<ol>\n<li>Racontez-nous les tout premiers jours de la crise (autour du 12 mars 2020).<\/li>\n<li>En cours de crise, quels ont \u00e9t\u00e9 les principaux d\u00e9fis auxquels vous avez fait face et quels changements ces d\u00e9fis ont-ils apport\u00e9s\u2009?<\/li>\n<li>Comment collaboriez-vous avant la pand\u00e9mie et qu\u2019est-ce qui a chang\u00e9 depuis\u2009? Est-ce que la crise a amen\u00e9 certaines innovations et am\u00e9liorations\u2009?<\/li>\n<li>Quelles grandes le\u00e7ons tirez-vous de cette pand\u00e9mie\u2009?<\/li>\n<li>De quoi \u00eates-vous la plus fi\u00e8re dans toute cette crise\u2009?<\/li>\n<\/ol>\n<p><strong>Infos et lien de connexion\u00a0:<\/strong> <a href=\"https:\/\/crclm.ca\/rayonnement\/conferences-ateliers-et-evenements\/covid-19-la-sante-publique-et-les-ecoles-lecons-apprises\">https:\/\/crclm.ca\/rayonnement\/conferences-ateliers-et-evenements\/covid-19-la-sante-publique-et-les-ecoles-lecons-apprises<\/a><\/p>\n<p>Bienvenue \u00e0 tous\u2009!<\/p>\n","protected":false},"excerpt":{"rendered":"<p>&nbsp; &nbsp; Le Centre de recherche Charles-Le Moyne vous invite \u00e0 la conf\u00e9rence \u00ab\u2009COVID-19, la sant\u00e9 publique et les \u00e9coles : le\u00e7ons apprises\u2009\u00bb.\u00a0 Cette conf\u00e9rence gratuite, offerte en ligne, aura lieu le 7 d\u00e9cembre 2021,\u00a0de midi \u00e0 13\u00a0h.<\/p>\n","protected":false},"author":32,"featured_media":0,"comment_status":"open","ping_status":"closed","sticky":false,"template":"","format":"standard","meta":{"footnotes":""},"categories":[1],"tags":[],"_links":{"self":[{"href":"https:\/\/santemc.quebec\/icentre\/wp-json\/wp\/v2\/posts\/200009"}],"collection":[{"href":"https:\/\/santemc.quebec\/icentre\/wp-json\/wp\/v2\/posts"}],"about":[{"href":"https:\/\/santemc.quebec\/icentre\/wp-json\/wp\/v2\/types\/post"}],"author":[{"embeddable":true,"href":"https:\/\/santemc.quebec\/icentre\/wp-json\/wp\/v2\/users\/32"}],"replies":[{"embeddable":true,"href":"https:\/\/santemc.quebec\/icentre\/wp-json\/wp\/v2\/comments?post=200009"}],"version-history":[{"count":4,"href":"https:\/\/santemc.quebec\/icentre\/wp-json\/wp\/v2\/posts\/200009\/revisions"}],"predecessor-version":[{"id":200014,"href":"https:\/\/santemc.quebec\/icentre\/wp-json\/wp\/v2\/posts\/200009\/revisions\/200014"}],"wp:attachment":[{"href":"https:\/\/santemc.quebec\/icentre\/wp-json\/wp\/v2\/media?parent=200009"}],"wp:term":[{"taxonomy":"category","embeddable":true,"href":"https:\/\/santemc.quebec\/icentre\/wp-json\/wp\/v2\/categories?post=200009"},{"taxonomy":"post_tag","embeddable":true,"href":"https:\/\/santemc.quebec\/icentre\/wp-json\/wp\/v2\/tags?post=200009"}],"curies":[{"name":"wp","href":"https:\/\/api.w.org\/{rel}","templated":true}]}}