{"id":200016,"date":"2021-11-29T16:28:46","date_gmt":"2021-11-29T21:28:46","guid":{"rendered":"https:\/\/santemc.quebec\/icentre\/?p=200016"},"modified":"2021-11-29T16:29:18","modified_gmt":"2021-11-29T21:29:18","slug":"25-jours-de-celebrations-gagnants-du-29-novembre","status":"publish","type":"post","link":"https:\/\/santemc.quebec\/icentre\/25-jours-de-celebrations-gagnants-du-29-novembre\/","title":{"rendered":"25 jours de c\u00e9l\u00e9brations : gagnants du 29 novembre"},"content":{"rendered":"<p><a href=\"https:\/\/santemc.quebec\/santemc\/icentre\/wp-content\/uploads\/2021\/11\/Gagnant1.png\"><img decoding=\"async\" loading=\"lazy\" class=\"alignnone size-full wp-image-199907\" src=\"https:\/\/santemc.quebec\/santemc\/icentre\/wp-content\/uploads\/2021\/11\/Gagnant1.png\" alt=\"\" width=\"1085\" height=\"616\" srcset=\"https:\/\/santemc.quebec\/santemc\/icentre\/wp-content\/uploads\/2021\/11\/Gagnant1.png 1085w, https:\/\/santemc.quebec\/santemc\/icentre\/wp-content\/uploads\/2021\/11\/Gagnant1-300x170.png 300w, https:\/\/santemc.quebec\/santemc\/icentre\/wp-content\/uploads\/2021\/11\/Gagnant1-1024x581.png 1024w, https:\/\/santemc.quebec\/santemc\/icentre\/wp-content\/uploads\/2021\/11\/Gagnant1-768x436.png 768w, https:\/\/santemc.quebec\/santemc\/icentre\/wp-content\/uploads\/2021\/11\/Gagnant1-500x284.png 500w\" sizes=\"(max-width: 1085px) 100vw, 1085px\" \/><\/a><\/p>\n<p>Voici la liste des gagnants du 1er tirage organis\u00e9 dans le cadre des 25 jours de c\u00e9l\u00e9brations!<!--more--><\/p>\n<p><strong>Annie Jeanson<\/strong>, physioth\u00e9rapeute au CHSLD Sainte-Croix<br \/>\n<strong>Manon Lajoie<\/strong>, infirmi\u00e8re \u00e0 Info-Sant\u00e9<br \/>\n<strong>Sylvie Gagnon<\/strong>, agente administrative \u00e0 l&rsquo;H\u00f4pital Charles-Le Moyne<br \/>\n<strong>Karine Vanasse<\/strong>, agente administrative, RLS de Champlain<br \/>\n<strong>Roxanne Boivin<\/strong>, infirmi\u00e8re \u00e0 l&rsquo;H\u00f4pital Charles-Le Moyne<br \/>\n<strong>Emy Fortin<\/strong>, agente administrative au CHSLD Sainte-Croix<br \/>\n<strong>Huu-Hanh Nguyen<\/strong>, agente administrative, RLS de Champlain<br \/>\n<strong>Audrey Desjardins<\/strong>, pr\u00e9pos\u00e9e aux b\u00e9n\u00e9ficiaires au CHSLD Saint-Joseph<br \/>\n<strong>Kevin McDuff<\/strong>, technologiste m\u00e9dical \u00e0 l&rsquo;H\u00f4pital Honor\u00e9-Mercier<br \/>\n<strong>Farahnaz Begum Yadallee<\/strong>, technicienne en administration au 2727 Taschereau<\/p>\n<h2>F\u00e9licitations, vous avez gagn\u00e9 une carte-cadeau de magasinage d&rsquo;une valeur de 100$.<\/h2>\n<h2 class=\"title-h2 content-title\">Vous avez gagn\u00e9?<br \/>\n<a href=\"https:\/\/forms.office.com\/r\/guX5T5CbpK\" target=\"_blank\" rel=\"noopener\">Compl\u00e9tez le formulaire pour recevoir votre carte-cadeau par la poste.<\/a><\/h2>\n","protected":false},"excerpt":{"rendered":"<p>Voici la liste des gagnants du 1er tirage organis\u00e9 dans le cadre des 25 jours de c\u00e9l\u00e9brations!<\/p>\n","protected":false},"author":32,"featured_media":0,"comment_status":"open","ping_status":"closed","sticky":false,"template":"","format":"standard","meta":{"footnotes":""},"categories":[1],"tags":[],"_links":{"self":[{"href":"https:\/\/santemc.quebec\/icentre\/wp-json\/wp\/v2\/posts\/200016"}],"collection":[{"href":"https:\/\/santemc.quebec\/icentre\/wp-json\/wp\/v2\/posts"}],"about":[{"href":"https:\/\/santemc.quebec\/icentre\/wp-json\/wp\/v2\/types\/post"}],"author":[{"embeddable":true,"href":"https:\/\/santemc.quebec\/icentre\/wp-json\/wp\/v2\/users\/32"}],"replies":[{"embeddable":true,"href":"https:\/\/santemc.quebec\/icentre\/wp-json\/wp\/v2\/comments?post=200016"}],"version-history":[{"count":5,"href":"https:\/\/santemc.quebec\/icentre\/wp-json\/wp\/v2\/posts\/200016\/revisions"}],"predecessor-version":[{"id":200027,"href":"https:\/\/santemc.quebec\/icentre\/wp-json\/wp\/v2\/posts\/200016\/revisions\/200027"}],"wp:attachment":[{"href":"https:\/\/santemc.quebec\/icentre\/wp-json\/wp\/v2\/media?parent=200016"}],"wp:term":[{"taxonomy":"category","embeddable":true,"href":"https:\/\/santemc.quebec\/icentre\/wp-json\/wp\/v2\/categories?post=200016"},{"taxonomy":"post_tag","embeddable":true,"href":"https:\/\/santemc.quebec\/icentre\/wp-json\/wp\/v2\/tags?post=200016"}],"curies":[{"name":"wp","href":"https:\/\/api.w.org\/{rel}","templated":true}]}}