{"id":200017,"date":"2021-11-29T16:10:06","date_gmt":"2021-11-29T21:10:06","guid":{"rendered":"https:\/\/santemc.quebec\/icentre\/?p=200017"},"modified":"2021-11-29T16:22:07","modified_gmt":"2021-11-29T21:22:07","slug":"25-jours-de-celebrations-remerciement-du-29-novembre","status":"publish","type":"post","link":"https:\/\/santemc.quebec\/icentre\/25-jours-de-celebrations-remerciement-du-29-novembre\/","title":{"rendered":"25 jours de c\u00e9l\u00e9brations : remerciement du 29 novembre"},"content":{"rendered":"<p><a href=\"https:\/\/santemc.quebec\/santemc\/icentre\/wp-content\/uploads\/2021\/11\/Jour1.png\"><img decoding=\"async\" loading=\"lazy\" class=\"size-medium wp-image-199881 alignleft\" src=\"https:\/\/santemc.quebec\/santemc\/icentre\/wp-content\/uploads\/2021\/11\/Jour1-300x176.png\" alt=\"\" width=\"300\" height=\"176\" srcset=\"https:\/\/santemc.quebec\/santemc\/icentre\/wp-content\/uploads\/2021\/11\/Jour1-300x176.png 300w, https:\/\/santemc.quebec\/santemc\/icentre\/wp-content\/uploads\/2021\/11\/Jour1-1024x602.png 1024w, https:\/\/santemc.quebec\/santemc\/icentre\/wp-content\/uploads\/2021\/11\/Jour1-768x451.png 768w, https:\/\/santemc.quebec\/santemc\/icentre\/wp-content\/uploads\/2021\/11\/Jour1-500x294.png 500w, https:\/\/santemc.quebec\/santemc\/icentre\/wp-content\/uploads\/2021\/11\/Jour1.png 1091w\" sizes=\"(max-width: 300px) 100vw, 300px\" \/><\/a><\/p>\n<p>L\u2019ann\u00e9e\u202f2021 qui s\u2019ach\u00e8ve a \u00e9t\u00e9 particuli\u00e8rement intense! Nous voulons prendre un moment pour vous lever notre chapeau et souligner l\u2019expertise, l\u2019engagement, le professionnalisme et la collaboration des 800 employ\u00e9s et m\u00e9decins qui contribuent, par leur pratique exemplaire dans la sph\u00e8re des analyses biom\u00e9dicales, \u00e0 offrir des services de haute qualit\u00e9 \u00e0 la population de la Mont\u00e9r\u00e9gie.<\/p>\n<p><!--more--><\/p>\n<p>C\u2019est gr\u00e2ce \u00e0 votre capacit\u00e9 d\u2019adaptation, votre travail d\u2019\u00e9quipe, votre implication et \u00e0 votre r\u00e9silience que la Direction r\u00e9gionale des laboratoires a continu\u00e9 ses activit\u00e9s au cours de cette ann\u00e9e ponctu\u00e9e de grands d\u00e9fis. Des caract\u00e9ristiques qui d\u00e9marquent depuis longtemps les membres du personnel et les m\u00e9decins des laboratoires. Un grand merci \u00e0 chacun d\u2019entre vous!<\/p>\n<p>\u00c0 l\u2019ensemble du personnel et des m\u00e9decins de notre organisation, que la p\u00e9riode des f\u00eates soit un temps de ressourcement bien m\u00e9rit\u00e9 avec votre famille et vos proches. Que 2022 soit remplie d\u2019espoir, de sant\u00e9, de bonheur et de s\u00e9r\u00e9nit\u00e9.<\/p>\n<p>Genevi\u00e8ve Plante, directrice et l\u2019\u00e9quipe de gestion des laboratoires<\/p>\n<p>&nbsp;<\/p>\n<p>&nbsp;<\/p>\n<p>&nbsp;<\/p>\n","protected":false},"excerpt":{"rendered":"<p>L\u2019ann\u00e9e\u202f2021 qui s\u2019ach\u00e8ve a \u00e9t\u00e9 particuli\u00e8rement intense! Nous voulons prendre un moment pour vous lever notre chapeau et souligner l\u2019expertise, l\u2019engagement, le professionnalisme et la collaboration des 800 employ\u00e9s et m\u00e9decins qui contribuent, par leur pratique exemplaire dans la sph\u00e8re &hellip; <a href=\"https:\/\/santemc.quebec\/icentre\/25-jours-de-celebrations-remerciement-du-29-novembre\/\">Continuer la lecture <span class=\"meta-nav\">&rarr;<\/span><\/a><\/p>\n","protected":false},"author":9,"featured_media":0,"comment_status":"open","ping_status":"closed","sticky":false,"template":"","format":"standard","meta":{"footnotes":""},"categories":[1],"tags":[],"_links":{"self":[{"href":"https:\/\/santemc.quebec\/icentre\/wp-json\/wp\/v2\/posts\/200017"}],"collection":[{"href":"https:\/\/santemc.quebec\/icentre\/wp-json\/wp\/v2\/posts"}],"about":[{"href":"https:\/\/santemc.quebec\/icentre\/wp-json\/wp\/v2\/types\/post"}],"author":[{"embeddable":true,"href":"https:\/\/santemc.quebec\/icentre\/wp-json\/wp\/v2\/users\/9"}],"replies":[{"embeddable":true,"href":"https:\/\/santemc.quebec\/icentre\/wp-json\/wp\/v2\/comments?post=200017"}],"version-history":[{"count":4,"href":"https:\/\/santemc.quebec\/icentre\/wp-json\/wp\/v2\/posts\/200017\/revisions"}],"predecessor-version":[{"id":200026,"href":"https:\/\/santemc.quebec\/icentre\/wp-json\/wp\/v2\/posts\/200017\/revisions\/200026"}],"wp:attachment":[{"href":"https:\/\/santemc.quebec\/icentre\/wp-json\/wp\/v2\/media?parent=200017"}],"wp:term":[{"taxonomy":"category","embeddable":true,"href":"https:\/\/santemc.quebec\/icentre\/wp-json\/wp\/v2\/categories?post=200017"},{"taxonomy":"post_tag","embeddable":true,"href":"https:\/\/santemc.quebec\/icentre\/wp-json\/wp\/v2\/tags?post=200017"}],"curies":[{"name":"wp","href":"https:\/\/api.w.org\/{rel}","templated":true}]}}