{"id":200030,"date":"2021-11-29T14:19:50","date_gmt":"2021-11-29T19:19:50","guid":{"rendered":"https:\/\/santemc.quebec\/icentre\/?p=200030"},"modified":"2021-11-29T17:14:23","modified_gmt":"2021-11-29T22:14:23","slug":"celebrons-le-temps-des-fetes-tout-en-respectant-les-mesures-sanitaires","status":"publish","type":"post","link":"https:\/\/santemc.quebec\/icentre\/celebrons-le-temps-des-fetes-tout-en-respectant-les-mesures-sanitaires\/","title":{"rendered":"C\u00e9l\u00e9brons le temps des F\u00eates tout en respectant les mesures sanitaires"},"content":{"rendered":"<p><a href=\"https:\/\/santemc.quebec\/santemc\/icentre\/wp-content\/uploads\/2021\/11\/2021-11-29_CI_87_Precautions_temps_Fetes_COVID.pdf\" target=\"_blank\" rel=\"noopener\">Lire le communiqu\u00e9 interne<\/a><\/p>\n<p>&nbsp;<\/p>\n","protected":false},"excerpt":{"rendered":"<p>Lire le communiqu\u00e9 interne &nbsp;<\/p>\n","protected":false},"author":1,"featured_media":0,"comment_status":"open","ping_status":"closed","sticky":false,"template":"","format":"standard","meta":{"footnotes":""},"categories":[1],"tags":[],"_links":{"self":[{"href":"https:\/\/santemc.quebec\/icentre\/wp-json\/wp\/v2\/posts\/200030"}],"collection":[{"href":"https:\/\/santemc.quebec\/icentre\/wp-json\/wp\/v2\/posts"}],"about":[{"href":"https:\/\/santemc.quebec\/icentre\/wp-json\/wp\/v2\/types\/post"}],"author":[{"embeddable":true,"href":"https:\/\/santemc.quebec\/icentre\/wp-json\/wp\/v2\/users\/1"}],"replies":[{"embeddable":true,"href":"https:\/\/santemc.quebec\/icentre\/wp-json\/wp\/v2\/comments?post=200030"}],"version-history":[{"count":1,"href":"https:\/\/santemc.quebec\/icentre\/wp-json\/wp\/v2\/posts\/200030\/revisions"}],"predecessor-version":[{"id":200032,"href":"https:\/\/santemc.quebec\/icentre\/wp-json\/wp\/v2\/posts\/200030\/revisions\/200032"}],"wp:attachment":[{"href":"https:\/\/santemc.quebec\/icentre\/wp-json\/wp\/v2\/media?parent=200030"}],"wp:term":[{"taxonomy":"category","embeddable":true,"href":"https:\/\/santemc.quebec\/icentre\/wp-json\/wp\/v2\/categories?post=200030"},{"taxonomy":"post_tag","embeddable":true,"href":"https:\/\/santemc.quebec\/icentre\/wp-json\/wp\/v2\/tags?post=200030"}],"curies":[{"name":"wp","href":"https:\/\/api.w.org\/{rel}","templated":true}]}}