{"id":200060,"date":"2021-11-30T15:22:18","date_gmt":"2021-11-30T20:22:18","guid":{"rendered":"https:\/\/santemc.quebec\/icentre\/?p=200060"},"modified":"2021-11-30T15:52:00","modified_gmt":"2021-11-30T20:52:00","slug":"25-jours-de-celebrations-gagnants-du-29-novembre-copy","status":"publish","type":"post","link":"https:\/\/santemc.quebec\/icentre\/25-jours-de-celebrations-gagnants-du-29-novembre-copy\/","title":{"rendered":"25 jours de c\u00e9l\u00e9brations : gagnants du 30 novembre"},"content":{"rendered":"<p><a href=\"https:\/\/santemc.quebec\/santemc\/icentre\/wp-content\/uploads\/2021\/11\/Gagnant2.png\"><img decoding=\"async\" loading=\"lazy\" class=\"wp-image-199908 size-full alignnone\" src=\"https:\/\/santemc.quebec\/santemc\/icentre\/wp-content\/uploads\/2021\/11\/Gagnant2.png\" alt=\"\" width=\"1085\" height=\"616\" srcset=\"https:\/\/santemc.quebec\/santemc\/icentre\/wp-content\/uploads\/2021\/11\/Gagnant2.png 1085w, https:\/\/santemc.quebec\/santemc\/icentre\/wp-content\/uploads\/2021\/11\/Gagnant2-300x170.png 300w, https:\/\/santemc.quebec\/santemc\/icentre\/wp-content\/uploads\/2021\/11\/Gagnant2-1024x581.png 1024w, https:\/\/santemc.quebec\/santemc\/icentre\/wp-content\/uploads\/2021\/11\/Gagnant2-768x436.png 768w, https:\/\/santemc.quebec\/santemc\/icentre\/wp-content\/uploads\/2021\/11\/Gagnant2-500x284.png 500w\" sizes=\"(max-width: 1085px) 100vw, 1085px\" \/><\/a><\/p>\n<p>Voici la liste des gagnants du 2e tirage organis\u00e9 dans le cadre des 25 jours de c\u00e9l\u00e9brations!<!--more--><\/p>\n<p><strong>Nancie Chabot<\/strong>, agente de planification, programmation et recherche au CLSC de la Vall\u00e9e-des-Forts<br \/>\n<strong>Nancy Durand<\/strong>, technologiste m\u00e9dicale \u00e0 l&rsquo;H\u00f4pital Honor\u00e9-Mercier<br \/>\n<strong>\u00c9milia Fernandez<\/strong>, pr\u00e9pos\u00e9e \u00e0 l&rsquo;entretien m\u00e9nager \u00e0 l&rsquo;H\u00f4pital Charles-Le Moyne<br \/>\n<strong>France Viens<\/strong>, travailleuse sociale au CLSC de la Vall\u00e9e-des-Forts<br \/>\n<strong>Shany Bisaillon<\/strong>, pr\u00e9pos\u00e9e aux b\u00e9n\u00e9ficiaires, RLS de Champlain<br \/>\n<strong>Catherine B\u00e9dard<\/strong>, infirmi\u00e8re clinicienne \u00e0 l&rsquo;H\u00f4pital Charles-Le Moyne<br \/>\n<strong>Nathalie Archambault<\/strong>, \u00e9ducatrice au CLSC Samuel-de-Champlain<br \/>\n<strong>Lucie Macaluso<\/strong>, infirmi\u00e8re auxiliaire \u00e0 l&rsquo;H\u00f4pital du Haut-Richelieu<br \/>\n<strong>Mathieu Bellerose<\/strong>, sp\u00e9cialiste en sciences biologiques et physiques sanitaires \u00e0 l&rsquo;H\u00f4pital Pierre-Boucher<br \/>\n<strong>Khalil Berimi<\/strong>, infirmier auxiliaire, RLS de Champlain<\/p>\n<h2>F\u00e9licitations, vous avez gagn\u00e9 une carte-cadeau de magasinage d&rsquo;une valeur de 100$.<\/h2>\n<h2 class=\"title-h2 content-title\">Vous avez gagn\u00e9?<br \/>\n<a href=\"https:\/\/forms.office.com\/r\/guX5T5CbpK\" target=\"_blank\" rel=\"noopener\">Compl\u00e9tez le formulaire pour recevoir votre carte-cadeau par la poste.<\/a><\/h2>\n<p>La liste de tous les gagnants est disponible ici : <a href=\"https:\/\/intranetcisssmc.rtss.qc.ca\/25-jours-de-celebration\" target=\"_blank\" rel=\"noopener\">https:\/\/intranetcisssmc.rtss.qc.ca\/25-jours-de-celebration<\/a><\/p>\n<p>&nbsp;<\/p>\n","protected":false},"excerpt":{"rendered":"<p>Voici la liste des gagnants du 2e tirage organis\u00e9 dans le cadre des 25 jours de c\u00e9l\u00e9brations!<\/p>\n","protected":false},"author":32,"featured_media":0,"comment_status":"open","ping_status":"closed","sticky":false,"template":"","format":"standard","meta":{"footnotes":""},"categories":[1],"tags":[],"_links":{"self":[{"href":"https:\/\/santemc.quebec\/icentre\/wp-json\/wp\/v2\/posts\/200060"}],"collection":[{"href":"https:\/\/santemc.quebec\/icentre\/wp-json\/wp\/v2\/posts"}],"about":[{"href":"https:\/\/santemc.quebec\/icentre\/wp-json\/wp\/v2\/types\/post"}],"author":[{"embeddable":true,"href":"https:\/\/santemc.quebec\/icentre\/wp-json\/wp\/v2\/users\/32"}],"replies":[{"embeddable":true,"href":"https:\/\/santemc.quebec\/icentre\/wp-json\/wp\/v2\/comments?post=200060"}],"version-history":[{"count":3,"href":"https:\/\/santemc.quebec\/icentre\/wp-json\/wp\/v2\/posts\/200060\/revisions"}],"predecessor-version":[{"id":200063,"href":"https:\/\/santemc.quebec\/icentre\/wp-json\/wp\/v2\/posts\/200060\/revisions\/200063"}],"wp:attachment":[{"href":"https:\/\/santemc.quebec\/icentre\/wp-json\/wp\/v2\/media?parent=200060"}],"wp:term":[{"taxonomy":"category","embeddable":true,"href":"https:\/\/santemc.quebec\/icentre\/wp-json\/wp\/v2\/categories?post=200060"},{"taxonomy":"post_tag","embeddable":true,"href":"https:\/\/santemc.quebec\/icentre\/wp-json\/wp\/v2\/tags?post=200060"}],"curies":[{"name":"wp","href":"https:\/\/api.w.org\/{rel}","templated":true}]}}