{"id":200066,"date":"2021-12-01T09:09:23","date_gmt":"2021-12-01T14:09:23","guid":{"rendered":"https:\/\/santemc.quebec\/icentre\/?p=200066"},"modified":"2021-12-01T09:09:23","modified_gmt":"2021-12-01T14:09:23","slug":"1er-decembre-journee-mondiale-de-lutte-contre-le-sida","status":"publish","type":"post","link":"https:\/\/santemc.quebec\/icentre\/1er-decembre-journee-mondiale-de-lutte-contre-le-sida\/","title":{"rendered":"1er d\u00e9cembre : Journ\u00e9e mondiale de lutte contre le SIDA"},"content":{"rendered":"<p><a href=\"https:\/\/santemc.quebec\/santemc\/icentre\/wp-content\/uploads\/2021\/12\/journee_lutte_sida.jpg\"><img decoding=\"async\" loading=\"lazy\" class=\" wp-image-200067 alignleft\" src=\"https:\/\/santemc.quebec\/santemc\/icentre\/wp-content\/uploads\/2021\/12\/journee_lutte_sida-300x175.jpg\" alt=\"\" width=\"224\" height=\"134\" \/><\/a>Cette ann\u00e9e, la Journ\u00e9e mondiale de lutte contre le sida se d\u00e9roule sous le th\u00e8me\u00a0: <em>Mettre fin aux in<\/em><em>\u00e9galit\u00e9s. Mettre fin au sida. Mettre fin aux pand\u00e9mies.<\/em><\/p>\n<p><!--more--><\/p>\n<p>Encore aujourd\u2019hui, un taux pr\u00e9occupant de Canadiens ignorent qu&rsquo;ils ont le VIH malgr\u00e9 les avanc\u00e9es technologiques qui am\u00e9liorent le d\u00e9pistage. Pour l&rsquo;ann\u00e9e 2019, seulement au Qu\u00e9bec, plus de 300 personnes ont re\u00e7u un nouveau diagnostic de VIH. Parmi celles-ci, pr\u00e8s de 10 % r\u00e9sidaient en Mont\u00e9r\u00e9gie.<\/p>\n<p>L\u2019acc\u00e8s au d\u00e9pistage peut parfois \u00eatre compliqu\u00e9 pour les groupes de personnes plus \u00e0 risque, comme les hommes gais et bisexuels, les personnes utilisatrices de drogues, les personnes trans ou encore les travailleuses et travailleurs du sexe. Parmi les facteurs en cause : la stigmatisation, les discriminations et les in\u00e9galit\u00e9s sociales.\u00a0Aussi, beaucoup de personnes incluses dans les groupes \u00e0 risque ignorent qu\u2019elles en font partie.<\/p>\n<p>En cette Journ\u00e9e mondiale de lutte contre le sida, il est important de rappeler que le r\u00f4le des intervenants en sant\u00e9 est de demeurer vigilants \u00e0 ce sujet, de questionner, sans juger et d\u2019offrir le d\u00e9pistage, s\u2019il y a lieu.<\/p>\n<p>Les personnes faisant partie des populations cl\u00e9s, c\u2019est-\u00e0-dire plus \u00e0 risque d\u2019avoir le VIH, doivent savoir que de d\u00e9tecter cette infection leur permettra de recevoir le traitement et de prot\u00e9ger leurs partenaires. Elles ne doivent pas h\u00e9siter \u00e0 demander un d\u00e9pistage.<\/p>\n<p><strong>Les\u00a0services int\u00e9gr\u00e9s de d\u00e9pistage et de pr\u00e9vention\u00a0(SIDEP)<br \/>\n<\/strong>Vous faites partie d\u2019un des groupes vis\u00e9s ci-dessous, ou connaissez quelqu\u2019un qui en fait partie? N\u2019h\u00e9sitez pas \u00e0 consulter ou \u00e0 faire conna\u00eetre nos SIDEP.<\/p>\n<p><strong>\u00c0 qui s\u2019adressent ces services?<\/strong><\/p>\n<ul>\n<li>Hommes ayant des relations sexuelles avec des hommes<\/li>\n<li>Personnes trans<\/li>\n<li>Utilisateurs de drogues par injection ou inhalation<\/li>\n<li>Travailleuses (travailleurs) du sexe<\/li>\n<li>Jeunes en difficult\u00e9 (les jeunes de la rue, les jeunes en centre de protection de l\u2019enfance et de la jeunesse, les jeunes qui consomment des substances psychoactives, etc.)<\/li>\n<li>Personnes en provenance de pays o\u00f9 l\u2019infection par le VIH est tr\u00e8s pr\u00e9sente<\/li>\n<li>Personnes incarc\u00e9r\u00e9es ou l\u2019ayant \u00e9t\u00e9<\/li>\n<\/ul>\n<p><strong>Services confidentiels et gratuits offerts<\/strong><\/p>\n<ul>\n<li>Information et counselling sur les ITSS<\/li>\n<li>D\u00e9pistage et vaccination en lien avec les ITSS<\/li>\n<li>Distribution de condoms et de mat\u00e9riel de consommation s\u00e9curitaire<\/li>\n<li>Contraception orale d\u2019urgence et contraception<\/li>\n<li>D\u00e9pistage du cancer du col de l\u2019ut\u00e9rus (Pap Test)<\/li>\n<\/ul>\n<p><strong>Pour prendre rendez-vous :<\/strong><\/p>\n<ul>\n<li>CLSC de la Vall\u00e9e-des-Forts<br \/>\n514 318-4235<\/li>\n<li>CLSC Samuel-de-Champlain<br \/>\n438\u00a0350-8115<\/li>\n<\/ul>\n<p><strong>Les <\/strong><strong>hommes ayant des relations sexuelles avec d\u2019autres hommes <\/strong><strong>peuvent aussi\u00a0consulter les services de la Clinique SIDEP+ Mont\u00e9r\u00e9gie-Centre.<\/strong><\/p>\n<p><strong>\u00a0<\/strong><strong>Services offerts<\/strong><\/p>\n<ul>\n<li>Tous les services du SIDEP r\u00e9gulier<\/li>\n<li>\u00c9valuation des sympt\u00f4mes compatibles avec une ITSS<\/li>\n<li>Traitement et prise en charge de ces infections<\/li>\n<li><a href=\"https:\/\/santemonteregie.qc.ca\/centre\/documentation\/prophylaxie-preexposition-ppre-et-prophylaxie-post-exposition-ppe\" target=\"_blank\" rel=\"noopener\">Prophylaxie pr\u00e9exposition\u00a0<\/a>(PPrE) ou PrEP en anglais<\/li>\n<li><a href=\"https:\/\/santemonteregie.qc.ca\/centre\/documentation\/prophylaxie-preexposition-ppre-et-prophylaxie-post-exposition-ppe\" target=\"_blank\" rel=\"noopener\">Prophylaxie post-exposition<\/a> (PPE)<\/li>\n<li>Suivi de probl\u00e8mes li\u00e9s \u00e0 la sexualit\u00e9 ou \u00e0 l\u2019usage de drogues lors des relations sexuelles (ChemSex)<\/li>\n<\/ul>\n<p><strong>Pour prendre rendez-vous :<\/strong><\/p>\n<ul>\n<li><a href=\"http:\/\/www.santemc.quebec\/sidepplus\" target=\"_blank\" rel=\"noopener\">quebec\/sidepplus<\/a><\/li>\n<li>450 466-5000, poste 4352<\/li>\n<\/ul>\n<p>La clinique SIDEP+ est situ\u00e9e \u00e0 l\u2019H\u00f4pital Charles-Le Moyne au local AS-011-C et est exclusive aux hommes ayant des relations sexuelles avec d\u2019autres hommes.<\/p>\n","protected":false},"excerpt":{"rendered":"<p>Cette ann\u00e9e, la Journ\u00e9e mondiale de lutte contre le sida se d\u00e9roule sous le th\u00e8me\u00a0: Mettre fin aux in\u00e9galit\u00e9s. Mettre fin au sida. Mettre fin aux pand\u00e9mies.<\/p>\n","protected":false},"author":9,"featured_media":0,"comment_status":"open","ping_status":"closed","sticky":false,"template":"","format":"standard","meta":{"footnotes":""},"categories":[1],"tags":[],"_links":{"self":[{"href":"https:\/\/santemc.quebec\/icentre\/wp-json\/wp\/v2\/posts\/200066"}],"collection":[{"href":"https:\/\/santemc.quebec\/icentre\/wp-json\/wp\/v2\/posts"}],"about":[{"href":"https:\/\/santemc.quebec\/icentre\/wp-json\/wp\/v2\/types\/post"}],"author":[{"embeddable":true,"href":"https:\/\/santemc.quebec\/icentre\/wp-json\/wp\/v2\/users\/9"}],"replies":[{"embeddable":true,"href":"https:\/\/santemc.quebec\/icentre\/wp-json\/wp\/v2\/comments?post=200066"}],"version-history":[{"count":1,"href":"https:\/\/santemc.quebec\/icentre\/wp-json\/wp\/v2\/posts\/200066\/revisions"}],"predecessor-version":[{"id":200068,"href":"https:\/\/santemc.quebec\/icentre\/wp-json\/wp\/v2\/posts\/200066\/revisions\/200068"}],"wp:attachment":[{"href":"https:\/\/santemc.quebec\/icentre\/wp-json\/wp\/v2\/media?parent=200066"}],"wp:term":[{"taxonomy":"category","embeddable":true,"href":"https:\/\/santemc.quebec\/icentre\/wp-json\/wp\/v2\/categories?post=200066"},{"taxonomy":"post_tag","embeddable":true,"href":"https:\/\/santemc.quebec\/icentre\/wp-json\/wp\/v2\/tags?post=200066"}],"curies":[{"name":"wp","href":"https:\/\/api.w.org\/{rel}","templated":true}]}}