{"id":200072,"date":"2021-12-01T16:00:44","date_gmt":"2021-12-01T21:00:44","guid":{"rendered":"https:\/\/santemc.quebec\/icentre\/?p=200072"},"modified":"2021-12-01T13:49:14","modified_gmt":"2021-12-01T18:49:14","slug":"25-jours-de-celebrations-remerciement-du-29-novembre-copy-copy","status":"publish","type":"post","link":"https:\/\/santemc.quebec\/icentre\/25-jours-de-celebrations-remerciement-du-29-novembre-copy-copy\/","title":{"rendered":"25 jours de c\u00e9l\u00e9brations : remerciement du 1er d\u00e9cembre"},"content":{"rendered":"<p><a href=\"https:\/\/santemc.quebec\/santemc\/icentre\/wp-content\/uploads\/2021\/11\/Jour3.png\"><img decoding=\"async\" loading=\"lazy\" class=\"size-medium wp-image-199883 alignleft\" src=\"https:\/\/santemc.quebec\/santemc\/icentre\/wp-content\/uploads\/2021\/11\/Jour3-300x176.png\" alt=\"\" width=\"300\" height=\"176\" srcset=\"https:\/\/santemc.quebec\/santemc\/icentre\/wp-content\/uploads\/2021\/11\/Jour3-300x176.png 300w, https:\/\/santemc.quebec\/santemc\/icentre\/wp-content\/uploads\/2021\/11\/Jour3-1024x601.png 1024w, https:\/\/santemc.quebec\/santemc\/icentre\/wp-content\/uploads\/2021\/11\/Jour3-768x451.png 768w, https:\/\/santemc.quebec\/santemc\/icentre\/wp-content\/uploads\/2021\/11\/Jour3-500x293.png 500w, https:\/\/santemc.quebec\/santemc\/icentre\/wp-content\/uploads\/2021\/11\/Jour3.png 1092w\" sizes=\"(max-width: 300px) 100vw, 300px\" \/><\/a><\/p>\n<p>MERCI du fond de notre c\u0153ur \u00e0 tous les membres des \u00e9quipes de la Direction des services multidisciplinaires.\u00a0Au cours de la derni\u00e8re ann\u00e9e,\u00a0vous avez tous\u202ffait une diff\u00e9rence importante dans les soins apport\u00e9s \u00e0 nos usagers.\u00a0<span data-ccp-props=\"{&quot;201341983&quot;:2,&quot;335559739&quot;:160,&quot;335559740&quot;:235}\">\u00a0<\/span><\/p>\n<p><!--more--><\/p>\n<p>Nous sommes, \u00e0 la\u00a0Direction des services multidisciplinaires, riches\u00a0d\u2019une diversit\u00e9 de professionnelles de la sant\u00e9 et de personnel administratif qualifi\u00e9 pour supporter les diff\u00e9rents services. Merci \u00e0 chacun de vous pour votre contribution individuelle, pour chaque petit geste pos\u00e9 pour aider un coll\u00e8gue ou un\u00a0patient.\u00a0Ce sont toutes les actions que vous posez au quotidien qui\u00a0font\u00a0du bien\u00a0\u00e0\u00a0nos usagers.<span data-ccp-props=\"{&quot;201341983&quot;:2,&quot;335559739&quot;:160,&quot;335559740&quot;:235}\">\u00a0<\/span><\/p>\n<p><span data-contrast=\"auto\">\u202f<\/span><span data-contrast=\"auto\">Nous sommes vraiment privil\u00e9gi\u00e9es d\u2019avoir la chance de compter sur des gens aussi d\u00e9vou\u00e9s, cr\u00e9atifs, bienveillants, qui ont \u00e0 c\u0153ur la qualit\u00e9 et l\u2019acc\u00e8s rapide aux services offerts. Gr\u00e2ce \u00e0 vous, nous avons r\u00e9ussi \u00e0 traverser une ann\u00e9e qui nous aura apport\u00e9, encore une fois, son lot de d\u00e9fis.\u00a0<\/span><span data-ccp-props=\"{&quot;201341983&quot;:2,&quot;335559739&quot;:160,&quot;335559740&quot;:235}\">\u00a0<\/span><\/p>\n<p><span data-contrast=\"auto\">Merci de demeurer engag\u00e9s, d\u2019\u00eatre encore avec nous, jour apr\u00e8s jour,\u00a0que ce soit pour les soins apport\u00e9s aux usagers ou encore pour le support aux \u00e9quipes.<\/span><span data-ccp-props=\"{&quot;201341983&quot;:2,&quot;335559739&quot;:160,&quot;335559740&quot;:235}\">\u00a0<\/span><\/p>\n<p><span data-contrast=\"auto\">En terminant,\u00a0nous tenons \u00e0 vous souhaiter un tr\u00e8s beau temps des f\u00eates avec vos familles et vos proches. \u202f<\/span><span data-ccp-props=\"{&quot;201341983&quot;:2,&quot;335559739&quot;:160,&quot;335559740&quot;:235}\">\u00a0<\/span><\/p>\n<p><span data-contrast=\"auto\">Lyne Noel, directrice et l&rsquo;\u00e9quipe de gestion<\/span><span data-ccp-props=\"{&quot;201341983&quot;:0,&quot;335559739&quot;:160,&quot;335559740&quot;:240}\">\u00a0<\/span><\/p>\n<p>[envira-gallery id=\u00a0\u00bb200096&Prime;]<\/p>\n<p>&nbsp;<\/p>\n<p>&nbsp;<\/p>\n<p>&nbsp;<\/p>\n","protected":false},"excerpt":{"rendered":"<p>MERCI du fond de notre c\u0153ur \u00e0 tous les membres des \u00e9quipes de la Direction des services multidisciplinaires.\u00a0Au cours de la derni\u00e8re ann\u00e9e,\u00a0vous avez tous\u202ffait une diff\u00e9rence importante dans les soins apport\u00e9s \u00e0 nos usagers.\u00a0\u00a0<\/p>\n","protected":false},"author":9,"featured_media":0,"comment_status":"open","ping_status":"closed","sticky":false,"template":"","format":"standard","meta":{"footnotes":""},"categories":[1],"tags":[],"_links":{"self":[{"href":"https:\/\/santemc.quebec\/icentre\/wp-json\/wp\/v2\/posts\/200072"}],"collection":[{"href":"https:\/\/santemc.quebec\/icentre\/wp-json\/wp\/v2\/posts"}],"about":[{"href":"https:\/\/santemc.quebec\/icentre\/wp-json\/wp\/v2\/types\/post"}],"author":[{"embeddable":true,"href":"https:\/\/santemc.quebec\/icentre\/wp-json\/wp\/v2\/users\/9"}],"replies":[{"embeddable":true,"href":"https:\/\/santemc.quebec\/icentre\/wp-json\/wp\/v2\/comments?post=200072"}],"version-history":[{"count":4,"href":"https:\/\/santemc.quebec\/icentre\/wp-json\/wp\/v2\/posts\/200072\/revisions"}],"predecessor-version":[{"id":200111,"href":"https:\/\/santemc.quebec\/icentre\/wp-json\/wp\/v2\/posts\/200072\/revisions\/200111"}],"wp:attachment":[{"href":"https:\/\/santemc.quebec\/icentre\/wp-json\/wp\/v2\/media?parent=200072"}],"wp:term":[{"taxonomy":"category","embeddable":true,"href":"https:\/\/santemc.quebec\/icentre\/wp-json\/wp\/v2\/categories?post=200072"},{"taxonomy":"post_tag","embeddable":true,"href":"https:\/\/santemc.quebec\/icentre\/wp-json\/wp\/v2\/tags?post=200072"}],"curies":[{"name":"wp","href":"https:\/\/api.w.org\/{rel}","templated":true}]}}