{"id":200075,"date":"2021-12-01T16:00:39","date_gmt":"2021-12-01T21:00:39","guid":{"rendered":"https:\/\/santemc.quebec\/icentre\/?p=200075"},"modified":"2021-12-23T16:04:32","modified_gmt":"2021-12-23T21:04:32","slug":"25-jours-de-celebrations-gagnants-du-29-novembre-copy-copy","status":"publish","type":"post","link":"https:\/\/santemc.quebec\/icentre\/25-jours-de-celebrations-gagnants-du-29-novembre-copy-copy\/","title":{"rendered":"25 jours de c\u00e9l\u00e9brations : gagnants du 1er d\u00e9cembre"},"content":{"rendered":"<p><a href=\"https:\/\/santemc.quebec\/santemc\/icentre\/wp-content\/uploads\/2021\/11\/Gagnant3.png\"><img decoding=\"async\" loading=\"lazy\" class=\"alignright wp-image-199909 size-full\" src=\"https:\/\/santemc.quebec\/santemc\/icentre\/wp-content\/uploads\/2021\/11\/Gagnant3.png\" alt=\"\" width=\"1085\" height=\"616\" srcset=\"https:\/\/santemc.quebec\/santemc\/icentre\/wp-content\/uploads\/2021\/11\/Gagnant3.png 1085w, https:\/\/santemc.quebec\/santemc\/icentre\/wp-content\/uploads\/2021\/11\/Gagnant3-300x170.png 300w, https:\/\/santemc.quebec\/santemc\/icentre\/wp-content\/uploads\/2021\/11\/Gagnant3-1024x581.png 1024w, https:\/\/santemc.quebec\/santemc\/icentre\/wp-content\/uploads\/2021\/11\/Gagnant3-768x436.png 768w, https:\/\/santemc.quebec\/santemc\/icentre\/wp-content\/uploads\/2021\/11\/Gagnant3-500x284.png 500w\" sizes=\"(max-width: 1085px) 100vw, 1085px\" \/><\/a><\/p>\n<p>Voici la liste des gagnants du 3e tirage organis\u00e9 dans le cadre des 25 jours de c\u00e9l\u00e9brations!<!--more--><\/p>\n<p><strong>Mamadou Sanoussy Bah<\/strong>, magasinier \u00e0 l&rsquo;H\u00f4pital Charles-Le Moyne<br \/>\n<strong>St\u00e9phanie Villeneuve<\/strong>, orthophoniste \u00e0 l&rsquo;H\u00f4pital du Haut-Richelieu<br \/>\n<strong>Claudine Landry<\/strong>, aide de service au CHSLD Sainte-Croix<br \/>\n<strong>Fran\u00e7ois Boisvert<\/strong>, journalier \u00e0 l&rsquo;H\u00f4pital Charles-Le Moyne<br \/>\n<strong>Kelowna Ngoyi<\/strong>, pr\u00e9pos\u00e9 \u00e0 l&rsquo;entretien m\u00e9nager, RLS du HRR<br \/>\n<strong>Marie-\u00c8ve Jacques<\/strong>, \u00e9ducatrice au CLSC de la Vall\u00e9e-des-Forts<br \/>\n<strong>Rapha\u00ebl L\u00e9tourneau Pagliericci<\/strong>, pr\u00e9pos\u00e9 aux b\u00e9n\u00e9ficiaires au CHSLD Gertrude-Lafrance<br \/>\n<strong>Sylvie Cantin<\/strong>, agente de planification, programmation et recherche \u00e0 l&rsquo;INLB<br \/>\n<strong>Hadjira Tarafi<\/strong>, pr\u00e9pos\u00e9 en retraitement des dispositifs m\u00e9dicaux \u00e0 l&rsquo;H\u00f4pital Charles-Le Moyne<br \/>\n<strong>Karine Daigneault<\/strong>, pr\u00e9pos\u00e9e aux b\u00e9n\u00e9ficiaires au CHSLD Sainte-Croix<\/p>\n<h2>F\u00e9licitations, vous avez gagn\u00e9 une carte-cadeau de magasinage d&rsquo;une valeur de 100$.<\/h2>\n<h2 class=\"title-h2 content-title\">Vous avez gagn\u00e9?<br \/>\n<a href=\"https:\/\/forms.office.com\/r\/guX5T5CbpK\" target=\"_blank\" rel=\"noopener\">Compl\u00e9tez le formulaire pour recevoir votre carte-cadeau par la poste.<\/a><\/h2>\n<p>La liste de tous les gagnants est disponible ici : <a href=\"https:\/\/intranetcisssmc.rtss.qc.ca\/25-jours-de-celebration\" target=\"_blank\" rel=\"noopener\">https:\/\/intranetcisssmc.rtss.qc.ca\/25-jours-de-celebration<\/a><\/p>\n<p><strong>Il n&rsquo;est pas n\u00e9cessaire de vous inscrire pour participer au tirage des cartes-cadeaux des 25 jours de c\u00e9l\u00e9brations.<\/strong><br \/>\nTous les employ\u00e9s du CISSS de la Mont\u00e9r\u00e9gie-Centre sont automatiquement admissibles \u00e0 ce tirage au hasard.<\/p>\n","protected":false},"excerpt":{"rendered":"<p>Voici la liste des gagnants du 3e tirage organis\u00e9 dans le cadre des 25 jours de c\u00e9l\u00e9brations!<\/p>\n","protected":false},"author":32,"featured_media":0,"comment_status":"open","ping_status":"closed","sticky":false,"template":"","format":"standard","meta":{"footnotes":""},"categories":[1],"tags":[],"_links":{"self":[{"href":"https:\/\/santemc.quebec\/icentre\/wp-json\/wp\/v2\/posts\/200075"}],"collection":[{"href":"https:\/\/santemc.quebec\/icentre\/wp-json\/wp\/v2\/posts"}],"about":[{"href":"https:\/\/santemc.quebec\/icentre\/wp-json\/wp\/v2\/types\/post"}],"author":[{"embeddable":true,"href":"https:\/\/santemc.quebec\/icentre\/wp-json\/wp\/v2\/users\/32"}],"replies":[{"embeddable":true,"href":"https:\/\/santemc.quebec\/icentre\/wp-json\/wp\/v2\/comments?post=200075"}],"version-history":[{"count":9,"href":"https:\/\/santemc.quebec\/icentre\/wp-json\/wp\/v2\/posts\/200075\/revisions"}],"predecessor-version":[{"id":201678,"href":"https:\/\/santemc.quebec\/icentre\/wp-json\/wp\/v2\/posts\/200075\/revisions\/201678"}],"wp:attachment":[{"href":"https:\/\/santemc.quebec\/icentre\/wp-json\/wp\/v2\/media?parent=200075"}],"wp:term":[{"taxonomy":"category","embeddable":true,"href":"https:\/\/santemc.quebec\/icentre\/wp-json\/wp\/v2\/categories?post=200075"},{"taxonomy":"post_tag","embeddable":true,"href":"https:\/\/santemc.quebec\/icentre\/wp-json\/wp\/v2\/tags?post=200075"}],"curies":[{"name":"wp","href":"https:\/\/api.w.org\/{rel}","templated":true}]}}