{"id":200114,"date":"2021-12-01T14:40:45","date_gmt":"2021-12-01T19:40:45","guid":{"rendered":"https:\/\/santemc.quebec\/icentre\/?p=200114"},"modified":"2021-12-01T14:41:49","modified_gmt":"2021-12-01T19:41:49","slug":"venez-rencontrer-votre-comite-paritaire-en-sante-et-securite-au-travail-2","status":"publish","type":"post","link":"https:\/\/santemc.quebec\/icentre\/venez-rencontrer-votre-comite-paritaire-en-sante-et-securite-au-travail-2\/","title":{"rendered":"Venez rencontrer votre comit\u00e9 paritaire en sant\u00e9 et s\u00e9curit\u00e9 au travail"},"content":{"rendered":"<p><a href=\"https:\/\/santemc.quebec\/santemc\/icentre\/wp-content\/uploads\/2021\/11\/CPSST.gif\"><img decoding=\"async\" loading=\"lazy\" class=\" wp-image-200001 alignleft\" src=\"https:\/\/santemc.quebec\/santemc\/icentre\/wp-content\/uploads\/2021\/11\/CPSST-197x300.gif\" alt=\"\" width=\"102\" height=\"150\" \/><\/a>Cette semaine, le comit\u00e9 paritaire en sant\u00e9 et s\u00e9curit\u00e9 au travail, form\u00e9 de repr\u00e9sentants de l\u2019APTS, de la FIQ, de la CSN et de repr\u00e9sentants de l\u2019employeur, se d\u00e9place dans plusieurs installations afin de rencontrer ses membres en personne dans les milieux de travail.<\/p>\n<p><!--more--><\/p>\n<p>&nbsp;<\/p>\n<p><strong>Horaire r\u00e9vis\u00e9<\/strong><\/p>\n<table width=\"529\">\n<tbody>\n<tr>\n<td colspan=\"4\" width=\"529\"><strong>Un rendez-vous \u00e0 l\u2019entr\u00e9e des employ\u00e9s \u2013 mise \u00e0 jour le 1<sup>er<\/sup> d\u00e9cembre<\/strong><\/td>\n<\/tr>\n<tr>\n<td width=\"56\"><strong>\u00a0<\/strong><\/td>\n<td width=\"161\"><strong>1<sup>er<\/sup> d\u00e9cembre<\/strong><\/td>\n<td width=\"151\"><strong>2 d\u00e9cembre<\/strong><\/td>\n<td width=\"161\"><strong>3 d\u00e9cembre<\/strong><\/td>\n<\/tr>\n<tr>\n<td width=\"56\">AM<\/p>\n<p>6 h 45 \u00e0<br \/>\n9 h 15<\/td>\n<td width=\"161\">Centre Saint-Lambert<\/td>\n<td width=\"151\">CHSLD Georges-Phaneuf<\/p>\n<p>CHLD Champlain<\/p>\n<p>CHSLD Docteur-Chevrier<\/td>\n<td width=\"161\">H\u00f4pital Charles-Le Moyne<\/p>\n<p>H\u00f4pital du Haut-Richelieu<\/td>\n<\/tr>\n<tr>\n<td width=\"56\">PM<\/p>\n<p>14 h 45<br \/>\n\u00e0<br \/>\n17\u00a0 h<\/td>\n<td width=\"161\">H\u00f4pital Charles-Le Moyne<\/p>\n<p>CHSLD Henriette-C\u00e9r\u00e9<\/td>\n<td width=\"151\">H\u00f4pital du Haut-Richelieu<\/p>\n<p>CHSLD Gertrude-Lafrance<\/td>\n<td width=\"161\">CHSLD Saint-Joseph<\/p>\n<p>CHSLD Champagnat<\/td>\n<\/tr>\n<\/tbody>\n<\/table>\n<p>Venez \u00e9changer sur :<\/p>\n<ul>\n<li>le mandat du CPSSST;<\/li>\n<li>les r\u00e9alisations;<\/li>\n<li>le plan d\u2019action et les priorit\u00e9s pour les prochains mois;<\/li>\n<li>les services offerts par le programme d\u2019aide aux employ\u00e9s.<\/li>\n<\/ul>\n<p><strong>Tirage de paires de crampons aux employ\u00e9s sur place!<\/strong><\/p>\n","protected":false},"excerpt":{"rendered":"<p>Cette semaine, le comit\u00e9 paritaire en sant\u00e9 et s\u00e9curit\u00e9 au travail, form\u00e9 de repr\u00e9sentants de l\u2019APTS, de la FIQ, de la CSN et de repr\u00e9sentants de l\u2019employeur, se d\u00e9place dans plusieurs installations afin de rencontrer ses membres en personne dans &hellip; <a href=\"https:\/\/santemc.quebec\/icentre\/venez-rencontrer-votre-comite-paritaire-en-sante-et-securite-au-travail-2\/\">Continuer la lecture <span class=\"meta-nav\">&rarr;<\/span><\/a><\/p>\n","protected":false},"author":9,"featured_media":0,"comment_status":"open","ping_status":"closed","sticky":false,"template":"","format":"standard","meta":{"footnotes":""},"categories":[1],"tags":[],"_links":{"self":[{"href":"https:\/\/santemc.quebec\/icentre\/wp-json\/wp\/v2\/posts\/200114"}],"collection":[{"href":"https:\/\/santemc.quebec\/icentre\/wp-json\/wp\/v2\/posts"}],"about":[{"href":"https:\/\/santemc.quebec\/icentre\/wp-json\/wp\/v2\/types\/post"}],"author":[{"embeddable":true,"href":"https:\/\/santemc.quebec\/icentre\/wp-json\/wp\/v2\/users\/9"}],"replies":[{"embeddable":true,"href":"https:\/\/santemc.quebec\/icentre\/wp-json\/wp\/v2\/comments?post=200114"}],"version-history":[{"count":3,"href":"https:\/\/santemc.quebec\/icentre\/wp-json\/wp\/v2\/posts\/200114\/revisions"}],"predecessor-version":[{"id":200117,"href":"https:\/\/santemc.quebec\/icentre\/wp-json\/wp\/v2\/posts\/200114\/revisions\/200117"}],"wp:attachment":[{"href":"https:\/\/santemc.quebec\/icentre\/wp-json\/wp\/v2\/media?parent=200114"}],"wp:term":[{"taxonomy":"category","embeddable":true,"href":"https:\/\/santemc.quebec\/icentre\/wp-json\/wp\/v2\/categories?post=200114"},{"taxonomy":"post_tag","embeddable":true,"href":"https:\/\/santemc.quebec\/icentre\/wp-json\/wp\/v2\/tags?post=200114"}],"curies":[{"name":"wp","href":"https:\/\/api.w.org\/{rel}","templated":true}]}}