{"id":200133,"date":"2021-12-02T16:00:10","date_gmt":"2021-12-02T21:00:10","guid":{"rendered":"https:\/\/santemc.quebec\/icentre\/?p=200133"},"modified":"2021-12-02T13:58:02","modified_gmt":"2021-12-02T18:58:02","slug":"25-jours-de-celebrations-remerciement-du-29-novembre-copy-copy-copy","status":"publish","type":"post","link":"https:\/\/santemc.quebec\/icentre\/25-jours-de-celebrations-remerciement-du-29-novembre-copy-copy-copy\/","title":{"rendered":"25 jours de c\u00e9l\u00e9brations : remerciement du 2 d\u00e9cembre"},"content":{"rendered":"<p><a href=\"https:\/\/santemc.quebec\/santemc\/icentre\/wp-content\/uploads\/2021\/11\/Jour4.png\"><img decoding=\"async\" loading=\"lazy\" class=\"size-medium wp-image-199884 alignleft\" src=\"https:\/\/santemc.quebec\/santemc\/icentre\/wp-content\/uploads\/2021\/11\/Jour4-300x176.png\" alt=\"\" width=\"300\" height=\"176\" srcset=\"https:\/\/santemc.quebec\/santemc\/icentre\/wp-content\/uploads\/2021\/11\/Jour4-300x176.png 300w, https:\/\/santemc.quebec\/santemc\/icentre\/wp-content\/uploads\/2021\/11\/Jour4-1024x601.png 1024w, https:\/\/santemc.quebec\/santemc\/icentre\/wp-content\/uploads\/2021\/11\/Jour4-768x451.png 768w, https:\/\/santemc.quebec\/santemc\/icentre\/wp-content\/uploads\/2021\/11\/Jour4-500x293.png 500w, https:\/\/santemc.quebec\/santemc\/icentre\/wp-content\/uploads\/2021\/11\/Jour4.png 1092w\" sizes=\"(max-width: 300px) 100vw, 300px\" \/><\/a><\/p>\n<p><span data-contrast=\"auto\">Nous voulions profiter de ce temps de r\u00e9jouissances pour souligner vos efforts et votre d\u00e9vouement pour la client\u00e8le atteinte de cancer. Malgr\u00e9 les d\u00e9fis des deux derni\u00e8res ann\u00e9es, vous avez maintenu votre professionnalisme ainsi qu&rsquo;une attitude positive qui ont r\u00e9sonn\u00e9 dans toute notre organisation et qui ont permis d&rsquo;offrir des soins et services de qualit\u00e9. <\/span><\/p>\n<p><!--more--><\/p>\n<p><span data-contrast=\"auto\">Le Nouvel An est \u00e0 nos portes et avec cette nouvelle ann\u00e9e, de nouveaux r\u00eaves, de nouvelles exp\u00e9riences et de nouveaux espoirs. Albert Einstein disait \u00ab Apprendre d&rsquo;hier, vivre aujourd&rsquo;hui, esp\u00e9rer pour demain \u00bb. Nous sommes reconnaissants et tr\u00e8s honor\u00e9s de vous compter dans l&rsquo;\u00e9quipe. <\/span><span data-ccp-props=\"{&quot;201341983&quot;:0,&quot;335559739&quot;:160,&quot;335559740&quot;:259}\">\u00a0<\/span><\/p>\n<p><span data-contrast=\"auto\">Bonne ann\u00e9e 2022!\u00a0<\/span><span data-ccp-props=\"{&quot;201341983&quot;:0,&quot;335559739&quot;:160,&quot;335559740&quot;:259}\">\u00a0<\/span><\/p>\n<p><span data-contrast=\"auto\">Nathalie Moreau, directrice et l&rsquo;\u00e9quipe de gestion<\/span><span data-ccp-props=\"{&quot;201341983&quot;:0,&quot;335559739&quot;:160,&quot;335559740&quot;:259}\">\u00a0<\/span><\/p>\n<p>[envira-gallery id=\u00a0\u00bb200144&Prime;]<\/p>\n<p>&nbsp;<\/p>\n<p>&nbsp;<\/p>\n<p>&nbsp;<\/p>\n","protected":false},"excerpt":{"rendered":"<p>Nous voulions profiter de ce temps de r\u00e9jouissances pour souligner vos efforts et votre d\u00e9vouement pour la client\u00e8le atteinte de cancer. Malgr\u00e9 les d\u00e9fis des deux derni\u00e8res ann\u00e9es, vous avez maintenu votre professionnalisme ainsi qu&rsquo;une attitude positive qui ont r\u00e9sonn\u00e9 &hellip; <a href=\"https:\/\/santemc.quebec\/icentre\/25-jours-de-celebrations-remerciement-du-29-novembre-copy-copy-copy\/\">Continuer la lecture <span class=\"meta-nav\">&rarr;<\/span><\/a><\/p>\n","protected":false},"author":9,"featured_media":0,"comment_status":"open","ping_status":"closed","sticky":false,"template":"","format":"standard","meta":{"footnotes":""},"categories":[1],"tags":[],"_links":{"self":[{"href":"https:\/\/santemc.quebec\/icentre\/wp-json\/wp\/v2\/posts\/200133"}],"collection":[{"href":"https:\/\/santemc.quebec\/icentre\/wp-json\/wp\/v2\/posts"}],"about":[{"href":"https:\/\/santemc.quebec\/icentre\/wp-json\/wp\/v2\/types\/post"}],"author":[{"embeddable":true,"href":"https:\/\/santemc.quebec\/icentre\/wp-json\/wp\/v2\/users\/9"}],"replies":[{"embeddable":true,"href":"https:\/\/santemc.quebec\/icentre\/wp-json\/wp\/v2\/comments?post=200133"}],"version-history":[{"count":5,"href":"https:\/\/santemc.quebec\/icentre\/wp-json\/wp\/v2\/posts\/200133\/revisions"}],"predecessor-version":[{"id":200174,"href":"https:\/\/santemc.quebec\/icentre\/wp-json\/wp\/v2\/posts\/200133\/revisions\/200174"}],"wp:attachment":[{"href":"https:\/\/santemc.quebec\/icentre\/wp-json\/wp\/v2\/media?parent=200133"}],"wp:term":[{"taxonomy":"category","embeddable":true,"href":"https:\/\/santemc.quebec\/icentre\/wp-json\/wp\/v2\/categories?post=200133"},{"taxonomy":"post_tag","embeddable":true,"href":"https:\/\/santemc.quebec\/icentre\/wp-json\/wp\/v2\/tags?post=200133"}],"curies":[{"name":"wp","href":"https:\/\/api.w.org\/{rel}","templated":true}]}}