{"id":200136,"date":"2021-12-02T16:00:54","date_gmt":"2021-12-02T21:00:54","guid":{"rendered":"https:\/\/santemc.quebec\/icentre\/?p=200136"},"modified":"2021-12-02T13:58:33","modified_gmt":"2021-12-02T18:58:33","slug":"25-jours-de-celebrations-gagnants-du-29-novembre-copy-copy-copy","status":"publish","type":"post","link":"https:\/\/santemc.quebec\/icentre\/25-jours-de-celebrations-gagnants-du-29-novembre-copy-copy-copy\/","title":{"rendered":"25 jours de c\u00e9l\u00e9brations : gagnants du 2 d\u00e9cembre"},"content":{"rendered":"<p><a href=\"https:\/\/santemc.quebec\/santemc\/icentre\/wp-content\/uploads\/2021\/11\/Gagnant4.png\"><img decoding=\"async\" loading=\"lazy\" class=\"alignright wp-image-199910 size-full\" src=\"https:\/\/santemc.quebec\/santemc\/icentre\/wp-content\/uploads\/2021\/11\/Gagnant4.png\" alt=\"\" width=\"1085\" height=\"616\" srcset=\"https:\/\/santemc.quebec\/santemc\/icentre\/wp-content\/uploads\/2021\/11\/Gagnant4.png 1085w, https:\/\/santemc.quebec\/santemc\/icentre\/wp-content\/uploads\/2021\/11\/Gagnant4-300x170.png 300w, https:\/\/santemc.quebec\/santemc\/icentre\/wp-content\/uploads\/2021\/11\/Gagnant4-1024x581.png 1024w, https:\/\/santemc.quebec\/santemc\/icentre\/wp-content\/uploads\/2021\/11\/Gagnant4-768x436.png 768w, https:\/\/santemc.quebec\/santemc\/icentre\/wp-content\/uploads\/2021\/11\/Gagnant4-500x284.png 500w\" sizes=\"(max-width: 1085px) 100vw, 1085px\" \/><\/a><\/p>\n<p>Voici la liste des gagnants du 4e tirage organis\u00e9 dans le cadre des 25 jours de c\u00e9l\u00e9brations!<!--more--><\/p>\n<p><strong>Isabelle Gauthier<\/strong>, assistante-chef technologue (radiologie) \u00e0 l&rsquo;H\u00f4pital Charles Le Moyne<br \/>\n<strong>Julie Bernier<\/strong>, infirmi\u00e8re clinicienne \u00e0 l&rsquo;H\u00f4pital Charles-Le Moyne<br \/>\n<strong>Claudine Prairie<\/strong>, infirmi\u00e8re \u00e0 l&rsquo;H\u00f4pital Charles-Le Moyne<br \/>\n<strong>Lucie Gallant<\/strong>, infirmi\u00e8re auxiliaire \u00e0 l&rsquo;H\u00f4pital du Haut-Richelieu<br \/>\n<strong>Katrine Roy<\/strong>, RLS du HRR<br \/>\n<strong>Myl\u00e8ne B\u00e9dard<\/strong>, infirmi\u00e8re \u00e0 l&rsquo;H\u00f4pital Charles-Le Moyne<br \/>\n<strong>Jeremy Papineau-Deschenes<\/strong>, infirmier clinicien assistant-infirmier chef \u00e0 l&rsquo;H\u00f4pital du Haut-Richelieu<br \/>\n<strong>Benoit Ruest<\/strong>, technicien sp\u00e9cialis\u00e9 en informatique au 1255 Beauregard<br \/>\n<strong>Christiane Lemay<\/strong>, hygi\u00e9niste du travail au 1255 Beauregard<br \/>\n<strong>Catherine Marchand<\/strong>, infirmi\u00e8re \u00e0 l&rsquo;H\u00f4pital Charles-Le Moyne<\/p>\n<h2>F\u00e9licitations, vous avez gagn\u00e9 une carte-cadeau de magasinage d&rsquo;une valeur de 100 $.<\/h2>\n<h2 class=\"title-h2 content-title\">Vous avez gagn\u00e9?<br \/>\n<a href=\"https:\/\/forms.office.com\/r\/guX5T5CbpK\" target=\"_blank\" rel=\"noopener\">Compl\u00e9tez le formulaire pour recevoir votre carte-cadeau par la poste.<\/a><\/h2>\n<p>La liste de tous les gagnants est disponible ici : <a href=\"https:\/\/intranetcisssmc.rtss.qc.ca\/25-jours-de-celebration\" target=\"_blank\" rel=\"noopener\">https:\/\/intranetcisssmc.rtss.qc.ca\/25-jours-de-celebration<\/a><\/p>\n<p><strong>Il n&rsquo;est pas n\u00e9cessaire de vous inscrire pour participer au tirage des cartes-cadeaux des 25 jours de c\u00e9l\u00e9brations.<\/strong><br \/>\nTous les employ\u00e9s du CISSS de la Mont\u00e9r\u00e9gie-Centre sont automatiquement admissibles \u00e0 ce tirage au hasard.<\/p>\n","protected":false},"excerpt":{"rendered":"<p>Voici la liste des gagnants du 4e tirage organis\u00e9 dans le cadre des 25 jours de c\u00e9l\u00e9brations!<\/p>\n","protected":false},"author":32,"featured_media":0,"comment_status":"open","ping_status":"closed","sticky":false,"template":"","format":"standard","meta":{"footnotes":""},"categories":[1],"tags":[],"_links":{"self":[{"href":"https:\/\/santemc.quebec\/icentre\/wp-json\/wp\/v2\/posts\/200136"}],"collection":[{"href":"https:\/\/santemc.quebec\/icentre\/wp-json\/wp\/v2\/posts"}],"about":[{"href":"https:\/\/santemc.quebec\/icentre\/wp-json\/wp\/v2\/types\/post"}],"author":[{"embeddable":true,"href":"https:\/\/santemc.quebec\/icentre\/wp-json\/wp\/v2\/users\/32"}],"replies":[{"embeddable":true,"href":"https:\/\/santemc.quebec\/icentre\/wp-json\/wp\/v2\/comments?post=200136"}],"version-history":[{"count":4,"href":"https:\/\/santemc.quebec\/icentre\/wp-json\/wp\/v2\/posts\/200136\/revisions"}],"predecessor-version":[{"id":200140,"href":"https:\/\/santemc.quebec\/icentre\/wp-json\/wp\/v2\/posts\/200136\/revisions\/200140"}],"wp:attachment":[{"href":"https:\/\/santemc.quebec\/icentre\/wp-json\/wp\/v2\/media?parent=200136"}],"wp:term":[{"taxonomy":"category","embeddable":true,"href":"https:\/\/santemc.quebec\/icentre\/wp-json\/wp\/v2\/categories?post=200136"},{"taxonomy":"post_tag","embeddable":true,"href":"https:\/\/santemc.quebec\/icentre\/wp-json\/wp\/v2\/tags?post=200136"}],"curies":[{"name":"wp","href":"https:\/\/api.w.org\/{rel}","templated":true}]}}