{"id":200273,"date":"2021-12-03T12:08:33","date_gmt":"2021-12-03T17:08:33","guid":{"rendered":"https:\/\/santemc.quebec\/icentre\/?p=200273"},"modified":"2021-12-03T12:08:33","modified_gmt":"2021-12-03T17:08:33","slug":"covid-19-mise-a-jour-de-la-foire-aux-questions-24","status":"publish","type":"post","link":"https:\/\/santemc.quebec\/icentre\/covid-19-mise-a-jour-de-la-foire-aux-questions-24\/","title":{"rendered":"COVID-19 : Mise \u00e0 jour de la Foire aux questions"},"content":{"rendered":"<p>La section <a href=\"https:\/\/santemc.quebec\/icentre\/?page_id=185406#vacances_Canada\">Vacances au Canada ou \u00e0 l\u2019ext\u00e9rieur du pays<\/a> a \u00e9t\u00e9 mise \u00e0 jour. Des informations importantes ont \u00e9t\u00e9 ajout\u00e9es concernant les voyages dans certains pays.<\/p>\n<p><a href=\"https:\/\/santemc.quebec\/icentre\/?page_id=185406\">Lire la Foire aux questions des employ\u00e9s<\/a><\/p>\n","protected":false},"excerpt":{"rendered":"<p>La section Vacances au Canada ou \u00e0 l\u2019ext\u00e9rieur du pays a \u00e9t\u00e9 mise \u00e0 jour. Des informations importantes ont \u00e9t\u00e9 ajout\u00e9es concernant les voyages dans certains pays. Lire la Foire aux questions des employ\u00e9s<\/p>\n","protected":false},"author":33,"featured_media":0,"comment_status":"open","ping_status":"closed","sticky":false,"template":"","format":"standard","meta":{"footnotes":""},"categories":[1],"tags":[],"_links":{"self":[{"href":"https:\/\/santemc.quebec\/icentre\/wp-json\/wp\/v2\/posts\/200273"}],"collection":[{"href":"https:\/\/santemc.quebec\/icentre\/wp-json\/wp\/v2\/posts"}],"about":[{"href":"https:\/\/santemc.quebec\/icentre\/wp-json\/wp\/v2\/types\/post"}],"author":[{"embeddable":true,"href":"https:\/\/santemc.quebec\/icentre\/wp-json\/wp\/v2\/users\/33"}],"replies":[{"embeddable":true,"href":"https:\/\/santemc.quebec\/icentre\/wp-json\/wp\/v2\/comments?post=200273"}],"version-history":[{"count":1,"href":"https:\/\/santemc.quebec\/icentre\/wp-json\/wp\/v2\/posts\/200273\/revisions"}],"predecessor-version":[{"id":200274,"href":"https:\/\/santemc.quebec\/icentre\/wp-json\/wp\/v2\/posts\/200273\/revisions\/200274"}],"wp:attachment":[{"href":"https:\/\/santemc.quebec\/icentre\/wp-json\/wp\/v2\/media?parent=200273"}],"wp:term":[{"taxonomy":"category","embeddable":true,"href":"https:\/\/santemc.quebec\/icentre\/wp-json\/wp\/v2\/categories?post=200273"},{"taxonomy":"post_tag","embeddable":true,"href":"https:\/\/santemc.quebec\/icentre\/wp-json\/wp\/v2\/tags?post=200273"}],"curies":[{"name":"wp","href":"https:\/\/api.w.org\/{rel}","templated":true}]}}