{"id":200297,"date":"2021-12-09T16:00:20","date_gmt":"2021-12-09T21:00:20","guid":{"rendered":"https:\/\/santemc.quebec\/icentre\/?p=200297"},"modified":"2021-12-06T09:55:59","modified_gmt":"2021-12-06T14:55:59","slug":"25-jours-de-celebrations-remerciement-du-29-novembre-copy-copy-copy-copy-copy-copy-copy-copy-copy-copy","status":"publish","type":"post","link":"https:\/\/santemc.quebec\/icentre\/25-jours-de-celebrations-remerciement-du-29-novembre-copy-copy-copy-copy-copy-copy-copy-copy-copy-copy\/","title":{"rendered":"25 jours de c\u00e9l\u00e9brations : remerciement du 9 d\u00e9cembre"},"content":{"rendered":"<p><a href=\"https:\/\/santemc.quebec\/santemc\/icentre\/wp-content\/uploads\/2021\/11\/Jour11.png\"><img decoding=\"async\" loading=\"lazy\" class=\"size-medium wp-image-199891 alignleft\" src=\"https:\/\/santemc.quebec\/santemc\/icentre\/wp-content\/uploads\/2021\/11\/Jour11-300x176.png\" alt=\"\" width=\"300\" height=\"176\" srcset=\"https:\/\/santemc.quebec\/santemc\/icentre\/wp-content\/uploads\/2021\/11\/Jour11-300x176.png 300w, https:\/\/santemc.quebec\/santemc\/icentre\/wp-content\/uploads\/2021\/11\/Jour11-1024x601.png 1024w, https:\/\/santemc.quebec\/santemc\/icentre\/wp-content\/uploads\/2021\/11\/Jour11-768x451.png 768w, https:\/\/santemc.quebec\/santemc\/icentre\/wp-content\/uploads\/2021\/11\/Jour11-500x293.png 500w, https:\/\/santemc.quebec\/santemc\/icentre\/wp-content\/uploads\/2021\/11\/Jour11.png 1092w\" sizes=\"(max-width: 300px) 100vw, 300px\" \/><\/a><\/p>\n<p><span class=\"NormalTextRun BCX0 SCXW221982159\">Le don de soi<\/span><span class=\"NormalTextRun BCX0 SCXW221982159\">,<\/span><span class=\"NormalTextRun BCX0 SCXW221982159\">\u00a0l<\/span><span class=\"NormalTextRun BCX0 SCXW221982159\">\u2019amour\u00a0<\/span><span class=\"NormalTextRun BCX0 SCXW221982159\">pour\u00a0<\/span><span class=\"NormalTextRun BCX0 SCXW221982159\">nos r\u00e9sidents et usagers<\/span><span class=\"NormalTextRun BCX0 SCXW221982159\">\u00a0<\/span><span class=\"NormalTextRun BCX0 SCXW221982159\">et le professionnalisme sont les\u00a0<\/span><span class=\"NormalTextRun BCX0 SCXW221982159\">qualit\u00e9s<\/span><span class=\"NormalTextRun BCX0 SCXW221982159\">\u00a0<\/span><span class=\"NormalTextRun BCX0 SCXW221982159\">qui repr\u00e9sente<\/span><span class=\"NormalTextRun BCX0 SCXW221982159\">nt<\/span><span class=\"NormalTextRun BCX0 SCXW221982159\">\u00a0tous les membres de notre grande famille du soutien \u00e0 l\u2019autonomie des personnes \u00e2g\u00e9es.<\/span><\/p>\n<p><!--more--><\/p>\n<p>De tout mon c\u0153ur et de la part de mes coll\u00e8gues gestionnaires, merci de faire la diff\u00e9rence\u00a0chaque jour. Je vous souhaite de douces et heureuses f\u00eates avec ceux que vous aimez.<\/p>\n<p>Isabelle Caron, directrice et l\u2019\u00e9quipe de gestion<\/p>\n<p>&nbsp;<\/p>\n<p>&nbsp;<\/p>\n<p>&nbsp;<\/p>\n<p>&nbsp;<\/p>\n<p>&nbsp;<\/p>\n","protected":false},"excerpt":{"rendered":"<p>Le don de soi,\u00a0l\u2019amour\u00a0pour\u00a0nos r\u00e9sidents et usagers\u00a0et le professionnalisme sont les\u00a0qualit\u00e9s\u00a0qui repr\u00e9sentent\u00a0tous les membres de notre grande famille du soutien \u00e0 l\u2019autonomie des personnes \u00e2g\u00e9es.<\/p>\n","protected":false},"author":9,"featured_media":0,"comment_status":"open","ping_status":"closed","sticky":false,"template":"","format":"standard","meta":{"footnotes":""},"categories":[1],"tags":[],"_links":{"self":[{"href":"https:\/\/santemc.quebec\/icentre\/wp-json\/wp\/v2\/posts\/200297"}],"collection":[{"href":"https:\/\/santemc.quebec\/icentre\/wp-json\/wp\/v2\/posts"}],"about":[{"href":"https:\/\/santemc.quebec\/icentre\/wp-json\/wp\/v2\/types\/post"}],"author":[{"embeddable":true,"href":"https:\/\/santemc.quebec\/icentre\/wp-json\/wp\/v2\/users\/9"}],"replies":[{"embeddable":true,"href":"https:\/\/santemc.quebec\/icentre\/wp-json\/wp\/v2\/comments?post=200297"}],"version-history":[{"count":2,"href":"https:\/\/santemc.quebec\/icentre\/wp-json\/wp\/v2\/posts\/200297\/revisions"}],"predecessor-version":[{"id":200299,"href":"https:\/\/santemc.quebec\/icentre\/wp-json\/wp\/v2\/posts\/200297\/revisions\/200299"}],"wp:attachment":[{"href":"https:\/\/santemc.quebec\/icentre\/wp-json\/wp\/v2\/media?parent=200297"}],"wp:term":[{"taxonomy":"category","embeddable":true,"href":"https:\/\/santemc.quebec\/icentre\/wp-json\/wp\/v2\/categories?post=200297"},{"taxonomy":"post_tag","embeddable":true,"href":"https:\/\/santemc.quebec\/icentre\/wp-json\/wp\/v2\/tags?post=200297"}],"curies":[{"name":"wp","href":"https:\/\/api.w.org\/{rel}","templated":true}]}}