{"id":200300,"date":"2021-12-09T16:00:10","date_gmt":"2021-12-09T21:00:10","guid":{"rendered":"https:\/\/santemc.quebec\/icentre\/?p=200300"},"modified":"2021-12-06T10:01:08","modified_gmt":"2021-12-06T15:01:08","slug":"25-jours-de-celebrations-gagnants-du-29-novembre-copy-copy-copy-copy-2-copy-copy-copy-copy-copy","status":"publish","type":"post","link":"https:\/\/santemc.quebec\/icentre\/25-jours-de-celebrations-gagnants-du-29-novembre-copy-copy-copy-copy-2-copy-copy-copy-copy-copy\/","title":{"rendered":"25 jours de c\u00e9l\u00e9brations : gagnants du 9 d\u00e9cembre"},"content":{"rendered":"<p><a href=\"https:\/\/santemc.quebec\/santemc\/icentre\/wp-content\/uploads\/2021\/11\/Gagnant11.png\"><img decoding=\"async\" loading=\"lazy\" class=\"alignright wp-image-199917 size-full\" src=\"https:\/\/santemc.quebec\/santemc\/icentre\/wp-content\/uploads\/2021\/11\/Gagnant11.png\" alt=\"\" width=\"1085\" height=\"616\" srcset=\"https:\/\/santemc.quebec\/santemc\/icentre\/wp-content\/uploads\/2021\/11\/Gagnant11.png 1085w, https:\/\/santemc.quebec\/santemc\/icentre\/wp-content\/uploads\/2021\/11\/Gagnant11-300x170.png 300w, https:\/\/santemc.quebec\/santemc\/icentre\/wp-content\/uploads\/2021\/11\/Gagnant11-1024x581.png 1024w, https:\/\/santemc.quebec\/santemc\/icentre\/wp-content\/uploads\/2021\/11\/Gagnant11-768x436.png 768w, https:\/\/santemc.quebec\/santemc\/icentre\/wp-content\/uploads\/2021\/11\/Gagnant11-500x284.png 500w\" sizes=\"(max-width: 1085px) 100vw, 1085px\" \/><\/a><\/p>\n<p>Voici la liste des gagnants du 11e tirage organis\u00e9 dans le cadre des 25 jours de c\u00e9l\u00e9brations!<!--more--><\/p>\n<p><strong>Annie B\u00e9langer<\/strong>, pr\u00e9pos\u00e9e aux b\u00e9n\u00e9ficiaires, CHSLD Georges-Phaneuf<br \/>\n<strong>Audree-Ann Marceau<\/strong>, infirmi\u00e8re \u00e0 l&rsquo;H\u00f4pital Charles-Le Moyne<br \/>\n<strong>Chantal Gervais<\/strong>, technologiste m\u00e9dicale \u00e0 l&rsquo;H\u00f4tel-Dieu de Sorel<br \/>\n<strong>Catherine Laville<\/strong>, infirmi\u00e8re auxiliaire \u00e0 l&rsquo;H\u00f4pital du Haut-Richelieu<br \/>\n<strong>Dan Jurgiu<\/strong>, agent administratif du RLS de Champlain<br \/>\n<strong>Marie-Pyer Simard<\/strong>, pr\u00e9pos\u00e9e aux b\u00e9n\u00e9ficiaires du RLS de Champlain<br \/>\n<strong>Brunette Exantus<\/strong>, infirmi\u00e8re auxiliaire au CHSLD Henriette-C\u00e9r\u00e9<br \/>\n<strong>Nathalie Tremblay<\/strong>, infirmi\u00e8re auxiliaire \u00e0 l&rsquo;H\u00f4pital Charles-Le Moyne<br \/>\n<strong>Lucie Vincent<\/strong>, pr\u00e9pos\u00e9e aux b\u00e9n\u00e9ficiaires au RLS du Haut-Richelieu\u2013Rouville<br \/>\n<strong>Justine Hervieux<\/strong>, infirmi\u00e8re clinicienne au CLSC Samuel-de-Champlain<\/p>\n<h2>F\u00e9licitations, vous avez gagn\u00e9 une carte-cadeau de magasinage d&rsquo;une valeur de 100 $.<\/h2>\n<h2 class=\"title-h2 content-title\">Vous avez gagn\u00e9?<br \/>\n<a href=\"https:\/\/forms.office.com\/r\/guX5T5CbpK\" target=\"_blank\" rel=\"noopener\">Compl\u00e9tez le formulaire pour recevoir votre carte-cadeau par la poste.<\/a><\/h2>\n<p>La liste de tous les gagnants est disponible ici : <a href=\"https:\/\/intranetcisssmc.rtss.qc.ca\/25-jours-de-celebration\" target=\"_blank\" rel=\"noopener\">https:\/\/intranetcisssmc.rtss.qc.ca\/25-jours-de-celebration<\/a><\/p>\n<p><strong>Il n&rsquo;est pas n\u00e9cessaire de vous inscrire pour participer au tirage des cartes-cadeaux des 25 jours de c\u00e9l\u00e9brations.<\/strong><br \/>\nTous les employ\u00e9s du CISSS de la Mont\u00e9r\u00e9gie-Centre sont automatiquement admissibles \u00e0 ce tirage au hasard.<\/p>\n","protected":false},"excerpt":{"rendered":"<p>Voici la liste des gagnants du 11e tirage organis\u00e9 dans le cadre des 25 jours de c\u00e9l\u00e9brations!<\/p>\n","protected":false},"author":32,"featured_media":0,"comment_status":"open","ping_status":"closed","sticky":false,"template":"","format":"standard","meta":{"footnotes":""},"categories":[1],"tags":[],"_links":{"self":[{"href":"https:\/\/santemc.quebec\/icentre\/wp-json\/wp\/v2\/posts\/200300"}],"collection":[{"href":"https:\/\/santemc.quebec\/icentre\/wp-json\/wp\/v2\/posts"}],"about":[{"href":"https:\/\/santemc.quebec\/icentre\/wp-json\/wp\/v2\/types\/post"}],"author":[{"embeddable":true,"href":"https:\/\/santemc.quebec\/icentre\/wp-json\/wp\/v2\/users\/32"}],"replies":[{"embeddable":true,"href":"https:\/\/santemc.quebec\/icentre\/wp-json\/wp\/v2\/comments?post=200300"}],"version-history":[{"count":4,"href":"https:\/\/santemc.quebec\/icentre\/wp-json\/wp\/v2\/posts\/200300\/revisions"}],"predecessor-version":[{"id":200304,"href":"https:\/\/santemc.quebec\/icentre\/wp-json\/wp\/v2\/posts\/200300\/revisions\/200304"}],"wp:attachment":[{"href":"https:\/\/santemc.quebec\/icentre\/wp-json\/wp\/v2\/media?parent=200300"}],"wp:term":[{"taxonomy":"category","embeddable":true,"href":"https:\/\/santemc.quebec\/icentre\/wp-json\/wp\/v2\/categories?post=200300"},{"taxonomy":"post_tag","embeddable":true,"href":"https:\/\/santemc.quebec\/icentre\/wp-json\/wp\/v2\/tags?post=200300"}],"curies":[{"name":"wp","href":"https:\/\/api.w.org\/{rel}","templated":true}]}}