{"id":200328,"date":"2021-12-11T15:00:46","date_gmt":"2021-12-11T20:00:46","guid":{"rendered":"https:\/\/santemc.quebec\/icentre\/?p=200328"},"modified":"2021-12-06T11:42:03","modified_gmt":"2021-12-06T16:42:03","slug":"25-jours-de-celebrations-gagnants-du-29-novembre-copy-copy-copy-copy-2-copy-copy-copy-copy-copy-copy-copy","status":"publish","type":"post","link":"https:\/\/santemc.quebec\/icentre\/25-jours-de-celebrations-gagnants-du-29-novembre-copy-copy-copy-copy-2-copy-copy-copy-copy-copy-copy-copy\/","title":{"rendered":"25 jours de c\u00e9l\u00e9brations : gagnants du 11 d\u00e9cembre"},"content":{"rendered":"<p><a href=\"https:\/\/santemc.quebec\/santemc\/icentre\/wp-content\/uploads\/2021\/11\/Gagnant13.png\"><img decoding=\"async\" loading=\"lazy\" class=\"alignright wp-image-199919 size-full\" src=\"https:\/\/santemc.quebec\/santemc\/icentre\/wp-content\/uploads\/2021\/11\/Gagnant13.png\" alt=\"\" width=\"1085\" height=\"616\" srcset=\"https:\/\/santemc.quebec\/santemc\/icentre\/wp-content\/uploads\/2021\/11\/Gagnant13.png 1085w, https:\/\/santemc.quebec\/santemc\/icentre\/wp-content\/uploads\/2021\/11\/Gagnant13-300x170.png 300w, https:\/\/santemc.quebec\/santemc\/icentre\/wp-content\/uploads\/2021\/11\/Gagnant13-1024x581.png 1024w, https:\/\/santemc.quebec\/santemc\/icentre\/wp-content\/uploads\/2021\/11\/Gagnant13-768x436.png 768w, https:\/\/santemc.quebec\/santemc\/icentre\/wp-content\/uploads\/2021\/11\/Gagnant13-500x284.png 500w\" sizes=\"(max-width: 1085px) 100vw, 1085px\" \/><\/a><\/p>\n<p>Voici la liste des gagnants du 13e tirage organis\u00e9 dans le cadre des 25 jours de c\u00e9l\u00e9brations!<!--more--><\/p>\n<p><strong>Mario Bellerive<\/strong>, chef de service fonctionnement et installations mat\u00e9rielles \u00e0 l&rsquo;H\u00f4pital Charles-Le Moyne<br \/>\n<strong>Julie Gagn\u00e9<\/strong>, auxiliaire aux services de sant\u00e9 et sociaux au CLSC du Richelieu<br \/>\n<strong>Audrey Deland<\/strong>, agente administrative au CLSC de la Vall\u00e9e-des-Forts<br \/>\n<strong>Cindy Daneau<\/strong>, infirmi\u00e8re \u00e0 l&rsquo;H\u00f4pital du Haut-Richelieu<br \/>\n<strong>Wil-Samson Jean-Joseph<\/strong>, agent de planification, programmation et recherche au 1255 Beauregard<br \/>\n<strong>Ada Marina Cabrales<\/strong>, pr\u00e9pos\u00e9e au service alimentaire au RLS de Champlain<br \/>\n<strong>Salimata Ndiaye<\/strong>, candidate \u00e0 la profession d&rsquo;infirmi\u00e8re auxiliaire au CHSLD Henriette-C\u00e9r\u00e9<br \/>\n<strong>Mathilde Bianca Camalboudou<\/strong>, agente administrative \u00e0 l&rsquo;INLB<br \/>\n<strong>Chantal Rainville<\/strong>, infirmi\u00e8re auxiliaire \u00e0 l&rsquo;H\u00f4pital du Haut-Richelieu<br \/>\n<strong>Erika Ramirez Preston<\/strong>, infirmi\u00e8re clinicienne au CLSCL Samuel-de-Champlain<\/p>\n<h2>F\u00e9licitations, vous avez gagn\u00e9 une carte-cadeau de magasinage d&rsquo;une valeur de 100 $.<\/h2>\n<h2 class=\"title-h2 content-title\">Vous avez gagn\u00e9?<br \/>\n<a href=\"https:\/\/forms.office.com\/r\/guX5T5CbpK\" target=\"_blank\" rel=\"noopener\">Compl\u00e9tez le formulaire pour recevoir votre carte-cadeau par la poste.<\/a><\/h2>\n<p>La liste de tous les gagnants est disponible ici : <a href=\"https:\/\/intranetcisssmc.rtss.qc.ca\/25-jours-de-celebration\" target=\"_blank\" rel=\"noopener\">https:\/\/intranetcisssmc.rtss.qc.ca\/25-jours-de-celebration<\/a><\/p>\n<p><strong>Il n&rsquo;est pas n\u00e9cessaire de vous inscrire pour participer au tirage des cartes-cadeaux des 25 jours de c\u00e9l\u00e9brations.<\/strong><br \/>\nTous les employ\u00e9s du CISSS de la Mont\u00e9r\u00e9gie-Centre sont automatiquement admissibles \u00e0 ce tirage au hasard.<\/p>\n","protected":false},"excerpt":{"rendered":"<p>Voici la liste des gagnants du 13e tirage organis\u00e9 dans le cadre des 25 jours de c\u00e9l\u00e9brations!<\/p>\n","protected":false},"author":32,"featured_media":0,"comment_status":"open","ping_status":"closed","sticky":false,"template":"","format":"standard","meta":{"footnotes":""},"categories":[1],"tags":[],"_links":{"self":[{"href":"https:\/\/santemc.quebec\/icentre\/wp-json\/wp\/v2\/posts\/200328"}],"collection":[{"href":"https:\/\/santemc.quebec\/icentre\/wp-json\/wp\/v2\/posts"}],"about":[{"href":"https:\/\/santemc.quebec\/icentre\/wp-json\/wp\/v2\/types\/post"}],"author":[{"embeddable":true,"href":"https:\/\/santemc.quebec\/icentre\/wp-json\/wp\/v2\/users\/32"}],"replies":[{"embeddable":true,"href":"https:\/\/santemc.quebec\/icentre\/wp-json\/wp\/v2\/comments?post=200328"}],"version-history":[{"count":4,"href":"https:\/\/santemc.quebec\/icentre\/wp-json\/wp\/v2\/posts\/200328\/revisions"}],"predecessor-version":[{"id":200332,"href":"https:\/\/santemc.quebec\/icentre\/wp-json\/wp\/v2\/posts\/200328\/revisions\/200332"}],"wp:attachment":[{"href":"https:\/\/santemc.quebec\/icentre\/wp-json\/wp\/v2\/media?parent=200328"}],"wp:term":[{"taxonomy":"category","embeddable":true,"href":"https:\/\/santemc.quebec\/icentre\/wp-json\/wp\/v2\/categories?post=200328"},{"taxonomy":"post_tag","embeddable":true,"href":"https:\/\/santemc.quebec\/icentre\/wp-json\/wp\/v2\/tags?post=200328"}],"curies":[{"name":"wp","href":"https:\/\/api.w.org\/{rel}","templated":true}]}}