{"id":200442,"date":"2021-12-10T08:05:39","date_gmt":"2021-12-10T13:05:39","guid":{"rendered":"https:\/\/santemc.quebec\/icentre\/?p=200442"},"modified":"2021-12-10T08:05:42","modified_gmt":"2021-12-10T13:05:42","slug":"le-cisss-de-la-monteregie-centre-couronne-les-activites-du-vaccibus-et-honore-le-rtl-pour-son-implication","status":"publish","type":"post","link":"https:\/\/santemc.quebec\/icentre\/le-cisss-de-la-monteregie-centre-couronne-les-activites-du-vaccibus-et-honore-le-rtl-pour-son-implication\/","title":{"rendered":"Le CISSS de la Mont\u00e9r\u00e9gie-Centre couronne les activit\u00e9s du Vaccibus et honore le RTL pour son implication"},"content":{"rendered":"<div id=\"attachment_200443\" style=\"width: 310px\" class=\"wp-caption alignleft\"><a href=\"https:\/\/santemc.quebec\/santemc\/icentre\/wp-content\/uploads\/2021\/12\/Recon091221-03H.jpg\"><img aria-describedby=\"caption-attachment-200443\" decoding=\"async\" loading=\"lazy\" class=\"size-medium wp-image-200443\" src=\"https:\/\/santemc.quebec\/santemc\/icentre\/wp-content\/uploads\/2021\/12\/Recon091221-03H-300x203.jpg\" alt=\"\" width=\"300\" height=\"203\" srcset=\"https:\/\/santemc.quebec\/santemc\/icentre\/wp-content\/uploads\/2021\/12\/Recon091221-03H-300x203.jpg 300w, https:\/\/santemc.quebec\/santemc\/icentre\/wp-content\/uploads\/2021\/12\/Recon091221-03H-1024x692.jpg 1024w, https:\/\/santemc.quebec\/santemc\/icentre\/wp-content\/uploads\/2021\/12\/Recon091221-03H-768x519.jpg 768w, https:\/\/santemc.quebec\/santemc\/icentre\/wp-content\/uploads\/2021\/12\/Recon091221-03H-1536x1038.jpg 1536w, https:\/\/santemc.quebec\/santemc\/icentre\/wp-content\/uploads\/2021\/12\/Recon091221-03H-2048x1384.jpg 2048w, https:\/\/santemc.quebec\/santemc\/icentre\/wp-content\/uploads\/2021\/12\/Recon091221-03H-444x300.jpg 444w\" sizes=\"(max-width: 300px) 100vw, 300px\" \/><\/a><p id=\"caption-attachment-200443\" class=\"wp-caption-text\">Personnes pr\u00e9sentes sur la photo : Jean-Fr\u00e9d\u00e9ric Larocque, superviseur aux op\u00e9rations (RTL) | Richard Deschamps, PDG (CISSSMC) | Nadia Goyer, directrice communications et exp\u00e9rience client (RTL) | Michel Veilleux, dg (RTL) | Carine Sauv\u00e9, directrice de la vaccination (CISSSMC) | Karine Desgagn\u00e9, chef projets d\u00e9veloppement des transports (RTL) | Martin Dea, adjoint au PDG (CISSSMC)<\/p><\/div>\n<p>C\u2019est avec beaucoup de reconnaissance que le Centre int\u00e9gr\u00e9 de sant\u00e9 et de Services sociaux (CISSS) de la Mont\u00e9r\u00e9gie-Centre a remis une plaque honorifique au R\u00e9seau de transport de Longueuil (RTL) pour souligner la pr\u00e9cieuse collaboration offerte \u00e0 la campagne de vaccination contre la COVID-19.<\/p>\n<p><!--more--><\/p>\n<p>Un autobus, pr\u00eat\u00e9 par le RTL pendant trois mois, a pu \u00eatre compl\u00e8tement am\u00e9nag\u00e9 en clinique mobile afin de permettre au personnel du CISSS de la Mont\u00e9r\u00e9gie-Centre d\u2019y faire la pr\u00e9paration des vaccins, l\u2019\u00e9valuation et la vaccination.<\/p>\n<p>\u00ab Les dirigeants du RTL n\u2019ont pas h\u00e9sit\u00e9 \u00e0 soutenir les efforts de vaccination d\u00e9ploy\u00e9s afin de r\u00e9pondre aux besoins de la population. Cet \u00e9lan de solidarit\u00e9 envers nos communaut\u00e9s m\u00e9rite notre gratitude \u00bb, t\u00e9moigne monsieur Richard Deschamps, pr\u00e9sident-directeur g\u00e9n\u00e9ral du CISSS de la Mont\u00e9r\u00e9gie-Centre lors d\u2019une c\u00e9r\u00e9monie qui a eu lieu le 9 d\u00e9cembre dernier.<\/p>\n<p>Lanc\u00e9 le 13 juillet dernier, le Vaccibus s\u2019est av\u00e9r\u00e9 \u00eatre un outil polyvalent et efficace pour lutter contre la COVID-19. Sa mobilit\u00e9 a permis de rejoindre les gens dans leur milieu de vie et la formule sans rendez-vous a facilit\u00e9 l\u2019acc\u00e8s aux client\u00e8les vuln\u00e9rables.<\/p>\n<p>\u00ab Le RTL est tr\u00e8s heureux d\u2019avoir pu contribuer \u00e0 ce projet essentiel, en collaboration avec le CISSSMC, qui a permis de lutter concr\u00e8tement contre la pand\u00e9mie et ses effets sur la population. Nous sommes enchant\u00e9s de la r\u00e9ponse du public et surtout tr\u00e8s fiers de l\u2019impact de cette initiative sur les efforts de vaccination dans la r\u00e9gion \u00bb, mentionne Michel Veilleux, directeur g\u00e9n\u00e9ral du RTL.<\/p>\n<div id=\"attachment_200445\" style=\"width: 310px\" class=\"wp-caption aligncenter\"><a href=\"https:\/\/santemc.quebec\/santemc\/icentre\/wp-content\/uploads\/2021\/12\/Recon091221-02H.jpg\"><img aria-describedby=\"caption-attachment-200445\" decoding=\"async\" loading=\"lazy\" class=\"size-medium wp-image-200445\" src=\"https:\/\/santemc.quebec\/santemc\/icentre\/wp-content\/uploads\/2021\/12\/Recon091221-02H-300x203.jpg\" alt=\"\" width=\"300\" height=\"203\" srcset=\"https:\/\/santemc.quebec\/santemc\/icentre\/wp-content\/uploads\/2021\/12\/Recon091221-02H-300x203.jpg 300w, https:\/\/santemc.quebec\/santemc\/icentre\/wp-content\/uploads\/2021\/12\/Recon091221-02H-1024x692.jpg 1024w, https:\/\/santemc.quebec\/santemc\/icentre\/wp-content\/uploads\/2021\/12\/Recon091221-02H-768x519.jpg 768w, https:\/\/santemc.quebec\/santemc\/icentre\/wp-content\/uploads\/2021\/12\/Recon091221-02H-1536x1038.jpg 1536w, https:\/\/santemc.quebec\/santemc\/icentre\/wp-content\/uploads\/2021\/12\/Recon091221-02H-2048x1384.jpg 2048w, https:\/\/santemc.quebec\/santemc\/icentre\/wp-content\/uploads\/2021\/12\/Recon091221-02H-444x300.jpg 444w\" sizes=\"(max-width: 300px) 100vw, 300px\" \/><\/a><p id=\"caption-attachment-200445\" class=\"wp-caption-text\">Richard Deschamps pr\u00e9sident directeur-g\u00e9n\u00e9ral du CISSSMC et Michel Veilleux directeur g\u00e9n\u00e9ral du RTL<\/p><\/div>\n<p><em>Bilan du Vaccibus en chiffres<br \/>\n<\/em>En quelques semaines, le Vaccibus a sillonn\u00e9 le territoire de la Mont\u00e9r\u00e9gie-Centre sur une distance de plus de 2 300 km. Il a effectu\u00e9 pr\u00e8s de 60 arr\u00eats dans les parcs, les \u00e9tablissements scolaires, les \u00e9v\u00e9nements, les entreprises et les commerces de 14 municipalit\u00e9s en Mont\u00e9r\u00e9gie. Au total, 4 700 personnes sont mont\u00e9es \u00e0 bord du Vaccibus afin de recevoir une premi\u00e8re ou une deuxi\u00e8me dose du vaccin contre la COVID-19. Les activit\u00e9s du Vaccibus se sont cl\u00f4tur\u00e9es le 15 octobre apr\u00e8s une participation \u00e0 la Nuit des sans-abri qui se d\u00e9roulait \u00e0 Saint-Jean-sur-Richelieu.<\/p>\n<div id=\"attachment_200446\" style=\"width: 310px\" class=\"wp-caption aligncenter\"><a href=\"https:\/\/santemc.quebec\/santemc\/icentre\/wp-content\/uploads\/2021\/12\/Photo-2_Vaccibus-1.jpg\"><img aria-describedby=\"caption-attachment-200446\" decoding=\"async\" loading=\"lazy\" class=\"size-medium wp-image-200446\" src=\"https:\/\/santemc.quebec\/santemc\/icentre\/wp-content\/uploads\/2021\/12\/Photo-2_Vaccibus-1-300x208.jpg\" alt=\"\" width=\"300\" height=\"208\" srcset=\"https:\/\/santemc.quebec\/santemc\/icentre\/wp-content\/uploads\/2021\/12\/Photo-2_Vaccibus-1-300x208.jpg 300w, https:\/\/santemc.quebec\/santemc\/icentre\/wp-content\/uploads\/2021\/12\/Photo-2_Vaccibus-1-1024x711.jpg 1024w, https:\/\/santemc.quebec\/santemc\/icentre\/wp-content\/uploads\/2021\/12\/Photo-2_Vaccibus-1-768x533.jpg 768w, https:\/\/santemc.quebec\/santemc\/icentre\/wp-content\/uploads\/2021\/12\/Photo-2_Vaccibus-1-1536x1067.jpg 1536w, https:\/\/santemc.quebec\/santemc\/icentre\/wp-content\/uploads\/2021\/12\/Photo-2_Vaccibus-1-2048x1422.jpg 2048w, https:\/\/santemc.quebec\/santemc\/icentre\/wp-content\/uploads\/2021\/12\/Photo-2_Vaccibus-1-432x300.jpg 432w\" sizes=\"(max-width: 300px) 100vw, 300px\" \/><\/a><p id=\"caption-attachment-200446\" class=\"wp-caption-text\">Le Vaccibus<\/p><\/div>\n","protected":false},"excerpt":{"rendered":"<p>C\u2019est avec beaucoup de reconnaissance que le Centre int\u00e9gr\u00e9 de sant\u00e9 et de Services sociaux (CISSS) de la Mont\u00e9r\u00e9gie-Centre a remis une plaque honorifique au R\u00e9seau de transport de Longueuil (RTL) pour souligner la pr\u00e9cieuse collaboration offerte \u00e0 la campagne &hellip; <a href=\"https:\/\/santemc.quebec\/icentre\/le-cisss-de-la-monteregie-centre-couronne-les-activites-du-vaccibus-et-honore-le-rtl-pour-son-implication\/\">Continuer la lecture <span class=\"meta-nav\">&rarr;<\/span><\/a><\/p>\n","protected":false},"author":9,"featured_media":0,"comment_status":"open","ping_status":"closed","sticky":false,"template":"","format":"standard","meta":{"footnotes":""},"categories":[1],"tags":[],"_links":{"self":[{"href":"https:\/\/santemc.quebec\/icentre\/wp-json\/wp\/v2\/posts\/200442"}],"collection":[{"href":"https:\/\/santemc.quebec\/icentre\/wp-json\/wp\/v2\/posts"}],"about":[{"href":"https:\/\/santemc.quebec\/icentre\/wp-json\/wp\/v2\/types\/post"}],"author":[{"embeddable":true,"href":"https:\/\/santemc.quebec\/icentre\/wp-json\/wp\/v2\/users\/9"}],"replies":[{"embeddable":true,"href":"https:\/\/santemc.quebec\/icentre\/wp-json\/wp\/v2\/comments?post=200442"}],"version-history":[{"count":3,"href":"https:\/\/santemc.quebec\/icentre\/wp-json\/wp\/v2\/posts\/200442\/revisions"}],"predecessor-version":[{"id":200451,"href":"https:\/\/santemc.quebec\/icentre\/wp-json\/wp\/v2\/posts\/200442\/revisions\/200451"}],"wp:attachment":[{"href":"https:\/\/santemc.quebec\/icentre\/wp-json\/wp\/v2\/media?parent=200442"}],"wp:term":[{"taxonomy":"category","embeddable":true,"href":"https:\/\/santemc.quebec\/icentre\/wp-json\/wp\/v2\/categories?post=200442"},{"taxonomy":"post_tag","embeddable":true,"href":"https:\/\/santemc.quebec\/icentre\/wp-json\/wp\/v2\/tags?post=200442"}],"curies":[{"name":"wp","href":"https:\/\/api.w.org\/{rel}","templated":true}]}}