{"id":200452,"date":"2021-12-10T09:03:36","date_gmt":"2021-12-10T14:03:36","guid":{"rendered":"https:\/\/santemc.quebec\/icentre\/?p=200452"},"modified":"2021-12-10T09:10:38","modified_gmt":"2021-12-10T14:10:38","slug":"flash-ca-les-nouvelles-de-la-seance-du-conseil-dadministration-du-2-fevrier-2017-copy-copy-copy-copy-copy-copy-copy-copy-copy-copy-copy-copy-copy-copy-copy-copy-copy-copy-copy-copy-copy-copy-copy-co-3","status":"publish","type":"post","link":"https:\/\/santemc.quebec\/icentre\/flash-ca-les-nouvelles-de-la-seance-du-conseil-dadministration-du-2-fevrier-2017-copy-copy-copy-copy-copy-copy-copy-copy-copy-copy-copy-copy-copy-copy-copy-copy-copy-copy-copy-copy-copy-copy-copy-co-3\/","title":{"rendered":"Flash CA \u2013 Les nouvelles de la s\u00e9ance du conseil d\u2019administration du 22 novembre"},"content":{"rendered":"<p><strong><img decoding=\"async\" loading=\"lazy\" class=\"alignleft wp-image-1416 size-thumbnail\" src=\"http:\/\/santemc.quebec\/santemc\/icentre\/wp-content\/uploads\/2015\/12\/flashcaicentre-150x150.jpg\" alt=\"flashcaicentre\" width=\"150\" height=\"150\" srcset=\"https:\/\/santemc.quebec\/santemc\/icentre\/wp-content\/uploads\/2015\/12\/flashcaicentre-150x150.jpg 150w, https:\/\/santemc.quebec\/santemc\/icentre\/wp-content\/uploads\/2015\/12\/flashcaicentre-300x300.jpg 300w, https:\/\/santemc.quebec\/santemc\/icentre\/wp-content\/uploads\/2015\/12\/flashcaicentre.jpg 400w\" sizes=\"(max-width: 150px) 100vw, 150px\" \/><\/strong>Le Flash CA revient sur les points d&rsquo;information et les grands dossiers organisationnels qui sont discut\u00e9s aux s\u00e9ances publiques du conseil d\u2019administration du CISSS de la Mont\u00e9r\u00e9gie-Centre.<\/p>\n<p>Consultez aussi la <a href=\"https:\/\/santemc.quebec\/santemc\/icentre\/wp-content\/uploads\/2021\/12\/flashCA_20211122.pdf\" target=\"_blank\" rel=\"noopener\">version PDF du Flash CA<\/a>.<\/p>\n<p><!--more--><\/p>\n<p><strong style=\"color: #ff6600;\">PAVILLON JEAN-MARC LEPAGE<\/strong><\/p>\n<p>C\u2019est avec fiert\u00e9 que le pr\u00e9sident-directeur g\u00e9n\u00e9ral, M. Richard Deschamps, souligne l\u2019annonce du gouvernement du Qu\u00e9bec au sujet de l\u2019implantation d\u2019un site d\u00e9localis\u00e9 de la Facult\u00e9 de m\u00e9decine et des sciences de la sant\u00e9 de l\u2019Universit\u00e9 de Sherbrooke sur le territoire du CISSS de la Mont\u00e9r\u00e9gie-Centre. En effet, d\u00e8s septembre 2022, 24 \u00e9tudiants en m\u00e9decine seront accueillis dans les locaux du 3141, boulevard Taschereau \u00e0 Greenfield Park, puis, \u00e0 terme, une centaine d\u2019\u00e9tudiants.<\/p>\n<p>Pour cette nouvelle \u00e9tape dans l\u2019actualisation de sa mission d\u2019enseignement et de son affiliation avec l\u2019Universit\u00e9 de Sherbrooke, le CISSS de la Mont\u00e9r\u00e9gie-Centre souhaite rendre hommage \u00e0 l\u2019un des m\u00e9decins qui a pav\u00e9 la voie de l\u2019engagement acad\u00e9mique de l\u2019H\u00f4pital Charles-Le Moyne, le Dr Jean-Marc Lepage, en nommant \u00ab\u00a0<b>Pavillon Jean-Marc Lepage<\/b>\u00a0\u00bb le b\u00e2timent dans lequel des activit\u00e9s d\u2019enseignement m\u00e9dical se d\u00e9rouleront.<\/p>\n<p>Rappelons que Dr Lepage a oeuvr\u00e9 pendant plus de 50 ans \u00e0 l\u2019H\u00f4pital Charles-Le Moyne, principalement au d\u00e9partement de p\u00e9diatrie, o\u00f9 il a assist\u00e9 plus de 6 000 accouchements. D\u00e9di\u00e9 \u00e0 la sant\u00e9 des femmes et passionn\u00e9 d\u2019obst\u00e9trique, il a aussi agi \u00e0 titre de pr\u00e9sident du conseil des m\u00e9decins, des dentistes et pharmaciens (CMDP) durant 15 ann\u00e9es. Au fil des ans, il a activement\u00a0particip\u00e9 \u00e0 plusieurs grands projets qui ont contribu\u00e9 \u00e0 fa\u00e7onner le visage de l\u2019H\u00f4pital\u00a0: la construction du pavillon de psychiatrie, le projet d\u2019affiliation universitaire du centre hospitalier avec l\u2019Universit\u00e9 de Sherbrooke et dans sa mission acad\u00e9mique. D\u00e9c\u00e9d\u00e9 r\u00e9cemment, le Dr Lepage \u00e9tait reconnu pour son \u00e9coute, son contact humain. Il \u00e9tait un homme d\u00e9vou\u00e9, bienveillant, sensible, engag\u00e9 : un homme d\u2019exception.<\/p>\n<p><strong style=\"color: #ff6600;\">AFFAIRES FINANCI\u00c8RES<\/strong><\/p>\n<p><b>R\u00e9sultats <\/b><b>financiers de l\u2019exercice 2021-2022<br \/>\n<\/b>En date de la p\u00e9riode 7, se terminant le 9 octobre 2020, les r\u00e9sultats financiers cumulatifs pr\u00e9sentent un d\u00e9ficit de 9,8\u00a0M$, soit un \u00e9cart d\u00e9favorable de 1,5\u00a0% du budget cumulatif. Celui-ci s\u2019explique par l\u2019augmentation des d\u00e9penses en m\u00e9dicaments on\u00e9reux, notamment les mol\u00e9cules antin\u00e9oplasiques et le Spinraza.<\/p>\n<p><b>Rapport trimestriel 2021-2022<br \/>\n<\/b>Le rapport trimestriel au 31 mars 2021 au fonds d\u2019exploitation pr\u00e9sente l\u2019\u00e9quilibre budg\u00e9taire, \u00e0 l\u2019exception du d\u00e9ficit de 19,1\u00a0M$ d\u00e9coulant de l\u2019augmentation des d\u00e9penses en m\u00e9dicaments on\u00e9reux.<\/p>\n<p><b>Renouvellement de l\u2019entente des services bancaires avec la Banque Nationale du Canada<br \/>\n<\/b>L\u2019entente des services bancaires avec la Banque Nationale du Canada a \u00e9t\u00e9 renouvel\u00e9e pour une dur\u00e9e de trois ans, avec une option de renouvellement pour deux ann\u00e9es suppl\u00e9mentaires.<\/p>\n<p><strong style=\"color: #ff6600;\">PERFORMANCE ET QUALIT\u00c9<\/strong><\/p>\n<p><b>Entente de gestion et d&rsquo;imputabilit\u00e9 (EGI) 2021-2022<br \/>\n<\/b>Le conseil d\u2019administration a approuv\u00e9 l\u2019Entente de gestion et d\u2019imputabilit\u00e9 2021-2022 entre le ministre de la Sant\u00e9 et des Services sociaux et le CISSS de la Mont\u00e9r\u00e9gie-Centre.<\/p>\n<p><b>Prix <\/b><b>d\u2019excellence du r\u00e9seau de la sant\u00e9 et des services sociaux 2022 &#8211; Pr\u00e9sentation d\u2019une candidature dans la cat\u00e9gorie \u00ab\u00a0Partenariat\u00a0\u00bb<br \/>\n<\/b>Le conseil d\u2019administration a approuv\u00e9 le d\u00e9p\u00f4t de la candidature du CISSS de la Mont\u00e9r\u00e9gie-Centre \u00e0 l\u2019\u00e9dition 2022 des Prix d\u2019excellence du r\u00e9seau de la sant\u00e9 et des services sociaux organis\u00e9e par le minist\u00e8re de la Sant\u00e9 et des Services sociaux. La candidature pr\u00e9sent\u00e9e se trouve dans la cat\u00e9gorie \u00ab\u00a0Partenariat\u00a0\u00bb et est intitul\u00e9e\u00a0: \u00ab\u00a0COVID\u00a0: collaboration in\u00e9dite avec les param\u00e9dics\u00a0\u00bb (CISSS de la Mont\u00e9r\u00e9gie-Centre, Ambulances Demers et Coop\u00e9rative des techniciens ambulanciers de la Mont\u00e9r\u00e9gie). Ce partenariat en r\u00e9seau s\u2019effectue au b\u00e9n\u00e9fice des usagers et s\u2019inscrit dans une perspective de coh\u00e9sion. Les r\u00e9sultats obtenus par ce partenariat contribuent directement \u00e0 l\u2019am\u00e9lioration des conditions de vie de la population.<\/p>\n<p><strong style=\"color: #ff6600;\">AFFAIRES COURANTES<\/strong><\/p>\n<p><b>R\u00e8gles de gouvernance<\/b><\/p>\n<p>Les politiques suivantes ont \u00e9t\u00e9 approuv\u00e9es\u00a0:<\/p>\n<ul>\n<li>Politique de t\u00e9l\u00e9sant\u00e9 (DEAU-201);<\/li>\n<li>Politique et proc\u00e9dures en lien avec l\u2019autoadministration des m\u00e9dicaments pour le CISSS (DSP-407).<\/li>\n<\/ul>\n<p>Les r\u00e8glements suivants ont \u00e9t\u00e9 approuv\u00e9s\u00a0:<\/p>\n<ul>\n<li>R\u00e9vision du R\u00e8glement de r\u00e9gie interne du conseil multidisciplinaire (R-2016-10);<\/li>\n<li>R\u00e9vision du Cadre r\u00e9glementaire sur l\u2019organisation et les bonnes pratiques de la recherche (R-2016-07).<\/li>\n<\/ul>\n<p>Le conseil d\u2019administration a \u00e9galement adopt\u00e9 des r\u00e8gles d\u2019utilisation des m\u00e9dicaments en lien avec la thromboprophylaxie.<\/p>\n<p><b>Conseil des m\u00e9decins, dentistes et pharmaciens (CMDP)<br \/>\n<\/b>Sur recommandation du comit\u00e9 ex\u00e9cutif du CMDP, le conseil a :<\/p>\n<ul>\n<li>nomm\u00e9 3 m\u00e9decins omnipraticiens, 9 m\u00e9decins sp\u00e9cialistes et 1 dentiste;<\/li>\n<li>modifi\u00e9 les statuts ou privil\u00e8ges de pratique de 6 membres du CMDP;<\/li>\n<li>octroy\u00e9 des privil\u00e8ges de recherche \u00e0 2 membres du CMDP;<\/li>\n<li>pris acte des demandes de cong\u00e9 de service de 12 membres du CMDP et du d\u00e9part de 19\u00a0membres du CMDP;<\/li>\n<li>pris acte de la radiation temporaire d\u2019un membre du CMDP;<\/li>\n<li>renouvel\u00e9 la nomination, au 1er janvier 2022, des m\u00e9decins des d\u00e9partements cliniques.<\/li>\n<\/ul>\n<p><b>Autres approbations<\/b><\/p>\n<ul>\n<li>Nominations au registre des signataires autoris\u00e9s de la R\u00e9gie de l\u2019assurance maladie du Qu\u00e9bec (RAMQ);<\/li>\n<li>Nominations de membres du comit\u00e9 d\u2019\u00e9thique de la recherche (C\u00c9R) des \u00e9tablissements du Centre de recherche interdisciplinaire en r\u00e9adaptation (CRIR);<\/li>\n<li>Nomination d\u2019optom\u00e9tristes.<\/li>\n<\/ul>\n<p><b>Rapports <\/b><b>annuels<\/b><\/p>\n<p>Les rapports suivants ont \u00e9t\u00e9 soumis au conseil d\u2019administration\u00a0:<\/p>\n<ul>\n<li>Rapport d&rsquo;application de la Politique pour des environnements sans fum\u00e9e 2019-2021;<\/li>\n<li>Rapport annuel du comit\u00e9 r\u00e9gional sur les services pharmaceutiques (CRSP) 2020-2021;<\/li>\n<li>Rapport annuel du comit\u00e9 de gestion des risques 2020-2021<\/li>\n<\/ul>\n<p><strong style=\"color: #ff6600;\"><br \/>\n<\/strong>Prochaine s\u00e9ance du conseil<br \/>\nLe 20 janvier 2022 \u00e0 18 h au 1255, rue Beauregard, \u00e0 Longueuil, salle Louis-Braille A-B.<\/p>\n<p>\u00c0 compter de janvier 2022, et sous r\u00e9serve des mesures gouvernementales en vigueur, les rencontres du conseil d\u2019administration du CISSS de la Mont\u00e9r\u00e9gie-Centre reprennent en pr\u00e9sentiel. Pendant cette p\u00e9riode de pand\u00e9mie, les personnes qui souhaitent assister aux s\u00e9ances du conseil d\u2019administration pourront le faire aux conditions suivantes\u00a0:<\/p>\n<ul>\n<li><b>R\u00e9server sa place<\/b> au plus tard \u00e0 midi le jour ouvrable pr\u00e9c\u00e9dant la rencontre en transmettant son pr\u00e9nom et nom \u00e0 <u><a href=\"mailto:catherine.beuzit.cisssmc16@ssss.gouv.qc.ca\" target=\"_blank\" rel=\"noopener\">catherine.beuzit.cisssmc16@ssss.gouv.qc.ca<\/a><\/u> (les places sont limit\u00e9es compte tenu des mesures de distanciation sociale, et une confirmation sera transmise par courriel au plus tard \u00e0 midi le jour de la rencontre).<\/li>\n<li><b>Pr\u00e9senter un passeport vaccinal et une pi\u00e8ce d\u2019identit\u00e9<\/b> avec photo pour pouvoir entrer dans le b\u00e2timent.<\/li>\n<li><b>Porter un masque <\/b>(couvrant le nez jusque sous le menton) en tout temps.<\/li>\n<li><b>Se laver les mains<\/b> en entrant et en sortant du b\u00e2timent.<\/li>\n<li><b>Respecter les mesures de distanciation sociale<\/b> en vigueur.<\/li>\n<\/ul>\n","protected":false},"excerpt":{"rendered":"<p>Le Flash CA revient sur les points d&rsquo;information et les grands dossiers organisationnels qui sont discut\u00e9s aux s\u00e9ances publiques du conseil d\u2019administration du CISSS de la Mont\u00e9r\u00e9gie-Centre. Consultez aussi la version PDF du Flash CA.<\/p>\n","protected":false},"author":1,"featured_media":0,"comment_status":"open","ping_status":"closed","sticky":false,"template":"","format":"standard","meta":{"footnotes":""},"categories":[49],"tags":[51],"_links":{"self":[{"href":"https:\/\/santemc.quebec\/icentre\/wp-json\/wp\/v2\/posts\/200452"}],"collection":[{"href":"https:\/\/santemc.quebec\/icentre\/wp-json\/wp\/v2\/posts"}],"about":[{"href":"https:\/\/santemc.quebec\/icentre\/wp-json\/wp\/v2\/types\/post"}],"author":[{"embeddable":true,"href":"https:\/\/santemc.quebec\/icentre\/wp-json\/wp\/v2\/users\/1"}],"replies":[{"embeddable":true,"href":"https:\/\/santemc.quebec\/icentre\/wp-json\/wp\/v2\/comments?post=200452"}],"version-history":[{"count":3,"href":"https:\/\/santemc.quebec\/icentre\/wp-json\/wp\/v2\/posts\/200452\/revisions"}],"predecessor-version":[{"id":200456,"href":"https:\/\/santemc.quebec\/icentre\/wp-json\/wp\/v2\/posts\/200452\/revisions\/200456"}],"wp:attachment":[{"href":"https:\/\/santemc.quebec\/icentre\/wp-json\/wp\/v2\/media?parent=200452"}],"wp:term":[{"taxonomy":"category","embeddable":true,"href":"https:\/\/santemc.quebec\/icentre\/wp-json\/wp\/v2\/categories?post=200452"},{"taxonomy":"post_tag","embeddable":true,"href":"https:\/\/santemc.quebec\/icentre\/wp-json\/wp\/v2\/tags?post=200452"}],"curies":[{"name":"wp","href":"https:\/\/api.w.org\/{rel}","templated":true}]}}