{"id":200476,"date":"2021-12-15T16:00:15","date_gmt":"2021-12-15T21:00:15","guid":{"rendered":"https:\/\/santemc.quebec\/icentre\/?p=200476"},"modified":"2021-12-10T15:27:38","modified_gmt":"2021-12-10T20:27:38","slug":"25-jours-de-celebrations-gagnants-du-29-novembre-copy-copy-copy-copy-2-copy-copy-copy-copy-copy-copy-copy-copy-copy-copy-copy","status":"publish","type":"post","link":"https:\/\/santemc.quebec\/icentre\/25-jours-de-celebrations-gagnants-du-29-novembre-copy-copy-copy-copy-2-copy-copy-copy-copy-copy-copy-copy-copy-copy-copy-copy\/","title":{"rendered":"25 jours de c\u00e9l\u00e9brations : gagnants du 15 d\u00e9cembre"},"content":{"rendered":"<p><a href=\"https:\/\/santemc.quebec\/santemc\/icentre\/wp-content\/uploads\/2021\/11\/Gagnant17.png\"><img decoding=\"async\" loading=\"lazy\" class=\"alignright wp-image-199923 size-full\" src=\"https:\/\/santemc.quebec\/santemc\/icentre\/wp-content\/uploads\/2021\/11\/Gagnant17.png\" alt=\"\" width=\"1085\" height=\"616\" srcset=\"https:\/\/santemc.quebec\/santemc\/icentre\/wp-content\/uploads\/2021\/11\/Gagnant17.png 1085w, https:\/\/santemc.quebec\/santemc\/icentre\/wp-content\/uploads\/2021\/11\/Gagnant17-300x170.png 300w, https:\/\/santemc.quebec\/santemc\/icentre\/wp-content\/uploads\/2021\/11\/Gagnant17-1024x581.png 1024w, https:\/\/santemc.quebec\/santemc\/icentre\/wp-content\/uploads\/2021\/11\/Gagnant17-768x436.png 768w, https:\/\/santemc.quebec\/santemc\/icentre\/wp-content\/uploads\/2021\/11\/Gagnant17-500x284.png 500w\" sizes=\"(max-width: 1085px) 100vw, 1085px\" \/><\/a><\/p>\n<p>Voici la liste des gagnants du 17e tirage organis\u00e9 dans le cadre des 25 jours de c\u00e9l\u00e9brations!<!--more--><\/p>\n<p><strong>Maude M\u00e9nard St-Germain<\/strong>, agente administrative au 1255 Beauregard<br \/>\n<strong>Manon Parentau<\/strong>, infirmi\u00e8re \u00e0 l&rsquo;H\u00f4pital Charles-Le Moyne<br \/>\n<strong>Sara Saber<\/strong>, infirmi\u00e8re auxiliaire au RLS de Champlain<br \/>\n<strong>Stacey Trycia Barthelemy<\/strong>, agente administrative au RLS de Champlain<br \/>\n<strong>Eric Bayard<\/strong>, pr\u00e9pos\u00e9 brancardier \u00e0 l&rsquo;H\u00f4pital Charles-Le Moyne<br \/>\n<strong>Cathie Gauthier<\/strong>, journali\u00e8re \u00e0 l&rsquo;H\u00f4pital Charles-Le Moyne<br \/>\n<strong>Lauberte Edmond<\/strong>, \u00e9tudiant vaccination au RLS Champlain<br \/>\n<strong>Marien Eliana Guzman<\/strong>, agent de planification, programmation et recherche au 1255 Beauregard<br \/>\n<strong>Fran\u00e7ois Lamoureux<\/strong>, archiviste m\u00e9dical \u00e0 l&rsquo;H\u00f4pital Charles-Le Moyne<br \/>\n<strong>Jos\u00e9e Lecompte<\/strong>, travailleuse sociale au 2924 Taschereau<\/p>\n<h2>F\u00e9licitations, vous avez gagn\u00e9 une carte-cadeau de magasinage d&rsquo;une valeur de 100 $.<\/h2>\n<h2 class=\"title-h2 content-title\">Vous avez gagn\u00e9?<br \/>\n<a href=\"https:\/\/forms.office.com\/r\/guX5T5CbpK\" target=\"_blank\" rel=\"noopener\">Compl\u00e9tez le formulaire pour recevoir votre carte-cadeau par la poste.<\/a><\/h2>\n<p>La liste de tous les gagnants est disponible ici : <a href=\"https:\/\/intranetcisssmc.rtss.qc.ca\/25-jours-de-celebration\" target=\"_blank\" rel=\"noopener\">https:\/\/intranetcisssmc.rtss.qc.ca\/25-jours-de-celebration<\/a><\/p>\n<p><strong>Il n&rsquo;est pas n\u00e9cessaire de vous inscrire pour participer au tirage des cartes-cadeaux des 25 jours de c\u00e9l\u00e9brations.<\/strong><br \/>\nTous les employ\u00e9s du CISSS de la Mont\u00e9r\u00e9gie-Centre sont automatiquement admissibles \u00e0 ce tirage au hasard.<\/p>\n","protected":false},"excerpt":{"rendered":"<p>Voici la liste des gagnants du 17e tirage organis\u00e9 dans le cadre des 25 jours de c\u00e9l\u00e9brations!<\/p>\n","protected":false},"author":32,"featured_media":0,"comment_status":"open","ping_status":"closed","sticky":false,"template":"","format":"standard","meta":{"footnotes":""},"categories":[1],"tags":[],"_links":{"self":[{"href":"https:\/\/santemc.quebec\/icentre\/wp-json\/wp\/v2\/posts\/200476"}],"collection":[{"href":"https:\/\/santemc.quebec\/icentre\/wp-json\/wp\/v2\/posts"}],"about":[{"href":"https:\/\/santemc.quebec\/icentre\/wp-json\/wp\/v2\/types\/post"}],"author":[{"embeddable":true,"href":"https:\/\/santemc.quebec\/icentre\/wp-json\/wp\/v2\/users\/32"}],"replies":[{"embeddable":true,"href":"https:\/\/santemc.quebec\/icentre\/wp-json\/wp\/v2\/comments?post=200476"}],"version-history":[{"count":5,"href":"https:\/\/santemc.quebec\/icentre\/wp-json\/wp\/v2\/posts\/200476\/revisions"}],"predecessor-version":[{"id":200531,"href":"https:\/\/santemc.quebec\/icentre\/wp-json\/wp\/v2\/posts\/200476\/revisions\/200531"}],"wp:attachment":[{"href":"https:\/\/santemc.quebec\/icentre\/wp-json\/wp\/v2\/media?parent=200476"}],"wp:term":[{"taxonomy":"category","embeddable":true,"href":"https:\/\/santemc.quebec\/icentre\/wp-json\/wp\/v2\/categories?post=200476"},{"taxonomy":"post_tag","embeddable":true,"href":"https:\/\/santemc.quebec\/icentre\/wp-json\/wp\/v2\/tags?post=200476"}],"curies":[{"name":"wp","href":"https:\/\/api.w.org\/{rel}","templated":true}]}}