{"id":200506,"date":"2021-12-20T16:00:55","date_gmt":"2021-12-20T21:00:55","guid":{"rendered":"https:\/\/santemc.quebec\/icentre\/?p=200506"},"modified":"2021-12-20T09:10:37","modified_gmt":"2021-12-20T14:10:37","slug":"25-jours-de-celebrations-gagnants-du-29-novembre-copy-copy-copy-copy-2-copy-copy-copy-copy-copy-copy-copy-copy-copy-copy-copy-copy-copy-copy-copy-copy","status":"publish","type":"post","link":"https:\/\/santemc.quebec\/icentre\/25-jours-de-celebrations-gagnants-du-29-novembre-copy-copy-copy-copy-2-copy-copy-copy-copy-copy-copy-copy-copy-copy-copy-copy-copy-copy-copy-copy-copy\/","title":{"rendered":"25 jours de c\u00e9l\u00e9brations : gagnants du 20 d\u00e9cembre"},"content":{"rendered":"<p><a href=\"https:\/\/santemc.quebec\/santemc\/icentre\/wp-content\/uploads\/2021\/12\/Gagnant22.png\"><img decoding=\"async\" loading=\"lazy\" class=\"alignright wp-image-200501 size-full\" src=\"https:\/\/santemc.quebec\/santemc\/icentre\/wp-content\/uploads\/2021\/12\/Gagnant22.png\" alt=\"\" width=\"1085\" height=\"616\" srcset=\"https:\/\/santemc.quebec\/santemc\/icentre\/wp-content\/uploads\/2021\/12\/Gagnant22.png 1085w, https:\/\/santemc.quebec\/santemc\/icentre\/wp-content\/uploads\/2021\/12\/Gagnant22-300x170.png 300w, https:\/\/santemc.quebec\/santemc\/icentre\/wp-content\/uploads\/2021\/12\/Gagnant22-1024x581.png 1024w, https:\/\/santemc.quebec\/santemc\/icentre\/wp-content\/uploads\/2021\/12\/Gagnant22-768x436.png 768w, https:\/\/santemc.quebec\/santemc\/icentre\/wp-content\/uploads\/2021\/12\/Gagnant22-500x284.png 500w\" sizes=\"(max-width: 1085px) 100vw, 1085px\" \/><\/a><\/p>\n<p>Voici la liste des gagnants du 22e tirage organis\u00e9 dans le cadre des 25 jours de c\u00e9l\u00e9brations!<!--more--><\/p>\n<p><strong>Nejwa Ali Messiad<\/strong>, pr\u00e9pos\u00e9 aux b\u00e9n\u00e9ficiaires au RLS de Champlain<br \/>\n<strong>Karine Imbeault<\/strong>, travailleuse sociale au GMF du C\u00f4teau<br \/>\n<strong>Lise Leduc<\/strong>, pr\u00e9pos\u00e9e \u00e0 l&rsquo;entretien m\u00e9nager \u00e0 l&rsquo;H\u00f4pital du Haut-Richelieu<br \/>\n<strong>Bilal Hadad<\/strong>, sp\u00e9cialiste en proc\u00e9d\u00e9s administratifs au 1255 Beauregard<br \/>\n<strong>Chantal Bourelle<\/strong>, pr\u00e9pos\u00e9e \u00e0 l&rsquo;entretien m\u00e9nager \u00e0 l&rsquo;H\u00f4pital Charles-Le Moyne<br \/>\n<strong>Aur\u00e9lie Laplante<\/strong>, aide de service au RLS de Champlain<br \/>\n<strong>Karine D&rsquo;silva<\/strong>, pr\u00e9pos\u00e9e aux services alimentaires au CHSLD Georges-Phaneuf<br \/>\n<strong>Meriem Babouri<\/strong>, pr\u00e9pos\u00e9e \u00e0 l&rsquo;entretien m\u00e9nager au RLS de Champlain<br \/>\n<strong>Caroline Viens<\/strong>, technicienne en administration \u00e0 l&rsquo;H\u00f4pital Charles-Le Moyne<br \/>\n<strong>Linda Pinault<\/strong>, travailleuse sociale \u00e0 l&rsquo;H\u00f4pital Charles-Le Moyne<\/p>\n<h2>F\u00e9licitations, vous avez gagn\u00e9 une carte-cadeau de magasinage d&rsquo;une valeur de 100 $.<\/h2>\n<h2 class=\"title-h2 content-title\">Vous avez gagn\u00e9?<br \/>\n<a href=\"https:\/\/forms.office.com\/r\/guX5T5CbpK\" target=\"_blank\" rel=\"noopener\">Compl\u00e9tez le formulaire pour recevoir votre carte-cadeau par la poste.<\/a><\/h2>\n<p>La liste de tous les gagnants, incluant ceux de cette fin de semaine, est disponible ici : <a href=\"https:\/\/intranetcisssmc.rtss.qc.ca\/25-jours-de-celebration\" target=\"_blank\" rel=\"noopener\">https:\/\/intranetcisssmc.rtss.qc.ca\/25-jours-de-celebration<\/a><\/p>\n<p><strong>Il n&rsquo;est pas n\u00e9cessaire de vous inscrire pour participer au tirage des cartes-cadeaux des 25 jours de c\u00e9l\u00e9brations.<\/strong><br \/>\nTous les employ\u00e9s du CISSS de la Mont\u00e9r\u00e9gie-Centre sont automatiquement admissibles \u00e0 ce tirage au hasard.<\/p>\n","protected":false},"excerpt":{"rendered":"<p>Voici la liste des gagnants du 22e tirage organis\u00e9 dans le cadre des 25 jours de c\u00e9l\u00e9brations!<\/p>\n","protected":false},"author":32,"featured_media":0,"comment_status":"open","ping_status":"closed","sticky":false,"template":"","format":"standard","meta":{"footnotes":""},"categories":[1],"tags":[],"_links":{"self":[{"href":"https:\/\/santemc.quebec\/icentre\/wp-json\/wp\/v2\/posts\/200506"}],"collection":[{"href":"https:\/\/santemc.quebec\/icentre\/wp-json\/wp\/v2\/posts"}],"about":[{"href":"https:\/\/santemc.quebec\/icentre\/wp-json\/wp\/v2\/types\/post"}],"author":[{"embeddable":true,"href":"https:\/\/santemc.quebec\/icentre\/wp-json\/wp\/v2\/users\/32"}],"replies":[{"embeddable":true,"href":"https:\/\/santemc.quebec\/icentre\/wp-json\/wp\/v2\/comments?post=200506"}],"version-history":[{"count":6,"href":"https:\/\/santemc.quebec\/icentre\/wp-json\/wp\/v2\/posts\/200506\/revisions"}],"predecessor-version":[{"id":201168,"href":"https:\/\/santemc.quebec\/icentre\/wp-json\/wp\/v2\/posts\/200506\/revisions\/201168"}],"wp:attachment":[{"href":"https:\/\/santemc.quebec\/icentre\/wp-json\/wp\/v2\/media?parent=200506"}],"wp:term":[{"taxonomy":"category","embeddable":true,"href":"https:\/\/santemc.quebec\/icentre\/wp-json\/wp\/v2\/categories?post=200506"},{"taxonomy":"post_tag","embeddable":true,"href":"https:\/\/santemc.quebec\/icentre\/wp-json\/wp\/v2\/tags?post=200506"}],"curies":[{"name":"wp","href":"https:\/\/api.w.org\/{rel}","templated":true}]}}