{"id":200714,"date":"2021-12-15T16:00:38","date_gmt":"2021-12-15T21:00:38","guid":{"rendered":"https:\/\/santemc.quebec\/icentre\/?p=200714"},"modified":"2021-12-15T09:34:33","modified_gmt":"2021-12-15T14:34:33","slug":"25-jours-de-celebrations-remerciement-du-29-novembre-copy-copy-copy-copy-copy-copy-copy-copy-copy-copy-copy-copy-copy-copy-copy-copy","status":"publish","type":"post","link":"https:\/\/santemc.quebec\/icentre\/25-jours-de-celebrations-remerciement-du-29-novembre-copy-copy-copy-copy-copy-copy-copy-copy-copy-copy-copy-copy-copy-copy-copy-copy\/","title":{"rendered":"25 jours de c\u00e9l\u00e9brations : remerciement du 15 d\u00e9cembre"},"content":{"rendered":"<p><span data-contrast=\"none\"><a href=\"https:\/\/santemc.quebec\/santemc\/icentre\/wp-content\/uploads\/2021\/11\/Jour17.png\"><img decoding=\"async\" loading=\"lazy\" class=\"size-medium wp-image-199897 alignleft\" src=\"https:\/\/santemc.quebec\/santemc\/icentre\/wp-content\/uploads\/2021\/11\/Jour17-300x176.png\" alt=\"\" width=\"300\" height=\"176\" srcset=\"https:\/\/santemc.quebec\/santemc\/icentre\/wp-content\/uploads\/2021\/11\/Jour17-300x176.png 300w, https:\/\/santemc.quebec\/santemc\/icentre\/wp-content\/uploads\/2021\/11\/Jour17-1024x601.png 1024w, https:\/\/santemc.quebec\/santemc\/icentre\/wp-content\/uploads\/2021\/11\/Jour17-768x451.png 768w, https:\/\/santemc.quebec\/santemc\/icentre\/wp-content\/uploads\/2021\/11\/Jour17-500x293.png 500w, https:\/\/santemc.quebec\/santemc\/icentre\/wp-content\/uploads\/2021\/11\/Jour17.png 1092w\" sizes=\"(max-width: 300px) 100vw, 300px\" \/><\/a>L\u2019an\u202f2021 tire \u00e0 sa fin et malgr\u00e9 les nombreux d\u00e9fis que nous apporte cette fin d&rsquo;ann\u00e9e, nous pouvons entrevoir une ann\u00e9e\u202f2022 teint\u00e9e de changements, et m\u00eame d&rsquo;espoir.\u202f<\/span><span data-ccp-props=\"{&quot;134233117&quot;:true,&quot;134233118&quot;:true,&quot;201341983&quot;:0,&quot;335559740&quot;:240}\">\u00a0<\/span><\/p>\n<p><span data-contrast=\"none\">\u202f<\/span><span data-contrast=\"none\">Il y a un an \u00e0 peine, la tr\u00e8s grande majorit\u00e9\u202fd\u2019entre vous\u202f\u00e9tait\u202fencore enti\u00e8rement mobilis\u00e9e\u202fpour la lutte \u00e0 la COVID. Vous aviez d\u00e9laiss\u00e9 vos dossiers pour joindre vos forces dans un effort de mobilisation jamais vu en sant\u00e9 publique. Ce que nous avons r\u00e9ussi \u00e0 r\u00e9aliser comme\u202fDirection de sant\u00e9 publique face \u00e0 cette pand\u00e9mie est extraordinaire et restera dans l\u2019histoire.\u202f\u202f<\/span><\/p>\n<p><!--more--><\/p>\n<p><span data-contrast=\"none\">Au cours de la derni\u00e8re ann\u00e9e, la plupart d\u2019entre vous\u202font\u202fgraduellement repris vos dossiers et mis les bouch\u00e9es doubles pour rattraper les mois perdus.\u202f\u202f<\/span><span data-ccp-props=\"{&quot;134233117&quot;:true,&quot;134233118&quot;:true,&quot;201341983&quot;:0,&quot;335559740&quot;:240}\">\u00a0<\/span><\/p>\n<p><span data-contrast=\"none\">Votre travail est et sera d\u2019autant plus crucial puisque nous vivrons tous les impacts collat\u00e9raux de la pand\u00e9mie. Des nouveaux joindront nos rangs dans les prochains mois et c\u2019est avec enthousiasme que nous entrevoyons\u202fces nouveaux d\u00e9fis. Nous sommes chanceux de pouvoir compter sur des gens d\u00e9vou\u00e9s, comp\u00e9tents et solidaires comme vous l\u2019\u00eates.\u202f\u202f<\/span><span data-ccp-props=\"{&quot;134233117&quot;:true,&quot;134233118&quot;:true,&quot;201341983&quot;:0,&quot;335559740&quot;:240}\">\u00a0<\/span><\/p>\n<p><span data-contrast=\"none\">Nous souhaitions\u202faussi\u202fprendre quelques minutes pour t\u00e9moigner toute notre reconnaissance envers tous les employ\u00e9s et partenaires qui ont joint nos rangs pour lutter avec nous contre cette pand\u00e9mie de COVID.\u202f\u202f<\/span><span data-ccp-props=\"{&quot;134233117&quot;:true,&quot;134233118&quot;:true,&quot;201341983&quot;:0,&quot;335559740&quot;:240}\">\u00a0<\/span><\/p>\n<p><span data-contrast=\"none\">Vous \u00eates plus de 1\u2009000 \u00e0 vous \u00eatre port\u00e9s volontaires pour venir soutenir la sant\u00e9 publique, en provenance\u202fd\u2019autres CISSS, d\u2019autres directions du CISSSMC, des services ambulanciers ou de l\u2019ext\u00e9rieur en devenant un employ\u00e9\u202f\u00ab\u2009je contribue<\/span><span data-contrast=\"none\">\u2009\u00bb\u2026<\/span><span data-contrast=\"none\">\u202f\u202f\u202f<\/span><span data-ccp-props=\"{&quot;134233117&quot;:true,&quot;134233118&quot;:true,&quot;201341983&quot;:0,&quot;335559740&quot;:240}\">\u00a0<\/span><\/p>\n<p><span data-contrast=\"none\">Les succ\u00e8s que nous avons v\u00e9cus n\u2019auraient pas \u00e9t\u00e9 possibles\u202fsans vous. Vous avez enrichi nos \u00e9quipes avec vos bagages bien diff\u00e9rents, et nous sommes fiers de ce que la Mont\u00e9r\u00e9gie a r\u00e9ussi \u00e0 construire gr\u00e2ce \u00e0 votre g\u00e9n\u00e9rosit\u00e9.\u202f\u202f<\/span><span data-ccp-props=\"{&quot;134233117&quot;:true,&quot;134233118&quot;:true,&quot;201341983&quot;:0,&quot;335559740&quot;:240}\">\u00a0<\/span><\/p>\n<p><span data-contrast=\"none\">Nous vous offrons nos remerciements les plus sinc\u00e8res.\u202f<\/span><span data-ccp-props=\"{&quot;134233117&quot;:true,&quot;134233118&quot;:true,&quot;201341983&quot;:0,&quot;335559740&quot;:240}\">\u00a0<\/span><\/p>\n<p><span data-contrast=\"none\">Nous tenons, en terminant,\u202f\u00e0 remercier,\u202fde fa\u00e7on particuli\u00e8re,\u202ftous nos partenaires des directions de soutien du CISSS qui ont d\u00e9ploy\u00e9 tous les efforts pour nous permettre de r\u00e9aliser notre mandat de protection de la sant\u00e9 de la population en nous assurant que nous ayons les ressources et outils dont nous avions besoin.\u202f\u202f<\/span><span data-ccp-props=\"{&quot;134233117&quot;:true,&quot;134233118&quot;:true,&quot;201341983&quot;:0,&quot;335559740&quot;:240}\">\u00a0<\/span><\/p>\n<p><span data-contrast=\"none\">Aucun mot ne peut t\u00e9moigner avec justesse de notre grande appr\u00e9ciation pour avoir facilit\u00e9 notre travail durant cette p\u00e9riode difficile.\u202f<\/span><span data-ccp-props=\"{&quot;134233117&quot;:true,&quot;134233118&quot;:true,&quot;201341983&quot;:0,&quot;335559740&quot;:240}\">\u00a0<\/span><\/p>\n<p><span data-contrast=\"none\">Merci pour tout votre travail.\u202f<\/span><span data-ccp-props=\"{&quot;134233117&quot;:true,&quot;134233118&quot;:true,&quot;201341983&quot;:0,&quot;335559740&quot;:240}\">\u00a0<\/span><\/p>\n<p><span data-contrast=\"none\">Julie\u202f<\/span><span data-contrast=\"none\">Loslier<\/span><span data-contrast=\"none\">, directrice et l\u2019\u00e9quipe de gestion\u202f\u202f<\/span><span data-ccp-props=\"{&quot;134233117&quot;:true,&quot;134233118&quot;:true,&quot;201341983&quot;:0,&quot;335559740&quot;:240}\">\u00a0<\/span><\/p>\n<p>&nbsp;<\/p>\n<p>&nbsp;<\/p>\n<p>&nbsp;<\/p>\n<p>&nbsp;<\/p>\n<p>&nbsp;<\/p>\n","protected":false},"excerpt":{"rendered":"<p>L\u2019an\u202f2021 tire \u00e0 sa fin et malgr\u00e9 les nombreux d\u00e9fis que nous apporte cette fin d&rsquo;ann\u00e9e, nous pouvons entrevoir une ann\u00e9e\u202f2022 teint\u00e9e de changements, et m\u00eame d&rsquo;espoir.\u202f\u00a0 \u202fIl y a un an \u00e0 peine, la tr\u00e8s grande majorit\u00e9\u202fd\u2019entre vous\u202f\u00e9tait\u202fencore enti\u00e8rement &hellip; <a href=\"https:\/\/santemc.quebec\/icentre\/25-jours-de-celebrations-remerciement-du-29-novembre-copy-copy-copy-copy-copy-copy-copy-copy-copy-copy-copy-copy-copy-copy-copy-copy\/\">Continuer la lecture <span class=\"meta-nav\">&rarr;<\/span><\/a><\/p>\n","protected":false},"author":9,"featured_media":0,"comment_status":"open","ping_status":"closed","sticky":false,"template":"","format":"standard","meta":{"footnotes":""},"categories":[1],"tags":[],"_links":{"self":[{"href":"https:\/\/santemc.quebec\/icentre\/wp-json\/wp\/v2\/posts\/200714"}],"collection":[{"href":"https:\/\/santemc.quebec\/icentre\/wp-json\/wp\/v2\/posts"}],"about":[{"href":"https:\/\/santemc.quebec\/icentre\/wp-json\/wp\/v2\/types\/post"}],"author":[{"embeddable":true,"href":"https:\/\/santemc.quebec\/icentre\/wp-json\/wp\/v2\/users\/9"}],"replies":[{"embeddable":true,"href":"https:\/\/santemc.quebec\/icentre\/wp-json\/wp\/v2\/comments?post=200714"}],"version-history":[{"count":4,"href":"https:\/\/santemc.quebec\/icentre\/wp-json\/wp\/v2\/posts\/200714\/revisions"}],"predecessor-version":[{"id":200718,"href":"https:\/\/santemc.quebec\/icentre\/wp-json\/wp\/v2\/posts\/200714\/revisions\/200718"}],"wp:attachment":[{"href":"https:\/\/santemc.quebec\/icentre\/wp-json\/wp\/v2\/media?parent=200714"}],"wp:term":[{"taxonomy":"category","embeddable":true,"href":"https:\/\/santemc.quebec\/icentre\/wp-json\/wp\/v2\/categories?post=200714"},{"taxonomy":"post_tag","embeddable":true,"href":"https:\/\/santemc.quebec\/icentre\/wp-json\/wp\/v2\/tags?post=200714"}],"curies":[{"name":"wp","href":"https:\/\/api.w.org\/{rel}","templated":true}]}}