{"id":201193,"date":"2021-12-21T16:00:27","date_gmt":"2021-12-21T21:00:27","guid":{"rendered":"https:\/\/santemc.quebec\/icentre\/?p=201193"},"modified":"2021-12-20T10:52:13","modified_gmt":"2021-12-20T15:52:13","slug":"25-jours-de-celebrations-remerciement-du-29-novembre-copy-copy-copy-copy-copy-copy-copy-copy-copy-copy-copy-copy-copy-copy-copy-copy-copy-copy-copy-copy-copy-copy","status":"publish","type":"post","link":"https:\/\/santemc.quebec\/icentre\/25-jours-de-celebrations-remerciement-du-29-novembre-copy-copy-copy-copy-copy-copy-copy-copy-copy-copy-copy-copy-copy-copy-copy-copy-copy-copy-copy-copy-copy-copy\/","title":{"rendered":"25 jours de c\u00e9l\u00e9brations : remerciement du 21 d\u00e9cembre"},"content":{"rendered":"<p><a href=\"https:\/\/santemc.quebec\/santemc\/icentre\/wp-content\/uploads\/2021\/11\/Jour23.png\"><img decoding=\"async\" loading=\"lazy\" class=\"size-medium wp-image-199903 alignleft\" src=\"https:\/\/santemc.quebec\/santemc\/icentre\/wp-content\/uploads\/2021\/11\/Jour23-300x176.png\" alt=\"\" width=\"300\" height=\"176\" srcset=\"https:\/\/santemc.quebec\/santemc\/icentre\/wp-content\/uploads\/2021\/11\/Jour23-300x176.png 300w, https:\/\/santemc.quebec\/santemc\/icentre\/wp-content\/uploads\/2021\/11\/Jour23-1024x601.png 1024w, https:\/\/santemc.quebec\/santemc\/icentre\/wp-content\/uploads\/2021\/11\/Jour23-768x451.png 768w, https:\/\/santemc.quebec\/santemc\/icentre\/wp-content\/uploads\/2021\/11\/Jour23-500x293.png 500w, https:\/\/santemc.quebec\/santemc\/icentre\/wp-content\/uploads\/2021\/11\/Jour23.png 1092w\" sizes=\"(max-width: 300px) 100vw, 300px\" \/><\/a><\/p>\n<p><span data-contrast=\"auto\">Nous avons v\u00e9cu une nouvelle ann\u00e9e remplie de d\u00e9fis et nous avons d\u00fb composer avec des enjeux complexes. Je suis vraiment tr\u00e8s fi\u00e8re de ce que nous avons accompli ensemble, en trouvant des solutions innovantes, en devenant plus agiles, en d\u00e9passant nos limites et en devenant une meilleure version de nous-m\u00eames pour pouvoir continuer d\u2019offrir des soins et des services de qualit\u00e9 \u00e0 la population que nous servons.<\/span><span data-ccp-props=\"{&quot;201341983&quot;:0,&quot;335551550&quot;:6,&quot;335551620&quot;:6,&quot;335559739&quot;:200,&quot;335559740&quot;:240}\">\u00a0<\/span><\/p>\n<p><span data-contrast=\"auto\">C\u2019est pourquoi il me tient vraiment \u00e0 c\u0153ur de souligner votre immense contribution \u00e0 l\u2019effort collectif du r\u00e9seau de la sant\u00e9, et de vous remercier chaleureusement pour votre engagement et votre r\u00e9silience. MERCI!<\/span><span data-ccp-props=\"{&quot;201341983&quot;:0,&quot;335551550&quot;:6,&quot;335551620&quot;:6,&quot;335559739&quot;:200,&quot;335559740&quot;:240}\">\u00a0<\/span><\/p>\n<p><!--more--><\/p>\n<p><span data-contrast=\"auto\">Que cette p\u00e9riode de r\u00e9jouissances soit l\u2019occasion pour vous et vos proches de partager des moments de joie et de bonheur et de faire le plein d\u2019\u00e9nergie pour la nouvelle ann\u00e9e.<\/span><span data-ccp-props=\"{&quot;201341983&quot;:0,&quot;335551550&quot;:6,&quot;335551620&quot;:6,&quot;335559739&quot;:200,&quot;335559740&quot;:240}\">\u00a0<\/span><\/p>\n<p><span data-contrast=\"auto\">Lyne Marquis, directrice g\u00e9n\u00e9rale adjointe des programmes sociaux, r\u00e9adaptation et canc\u00e9rologie<\/span><span data-ccp-props=\"{&quot;201341983&quot;:0,&quot;335551550&quot;:6,&quot;335551620&quot;:6,&quot;335559739&quot;:200,&quot;335559740&quot;:240}\">\u00a0<\/span><\/p>\n<p>&nbsp;<\/p>\n<p>&nbsp;<\/p>\n<p>&nbsp;<\/p>\n<p>&nbsp;<\/p>\n<p>&nbsp;<\/p>\n","protected":false},"excerpt":{"rendered":"<p>Nous avons v\u00e9cu une nouvelle ann\u00e9e remplie de d\u00e9fis et nous avons d\u00fb composer avec des enjeux complexes. Je suis vraiment tr\u00e8s fi\u00e8re de ce que nous avons accompli ensemble, en trouvant des solutions innovantes, en devenant plus agiles, en &hellip; <a href=\"https:\/\/santemc.quebec\/icentre\/25-jours-de-celebrations-remerciement-du-29-novembre-copy-copy-copy-copy-copy-copy-copy-copy-copy-copy-copy-copy-copy-copy-copy-copy-copy-copy-copy-copy-copy-copy\/\">Continuer la lecture <span class=\"meta-nav\">&rarr;<\/span><\/a><\/p>\n","protected":false},"author":9,"featured_media":0,"comment_status":"open","ping_status":"closed","sticky":false,"template":"","format":"standard","meta":{"footnotes":""},"categories":[1],"tags":[],"_links":{"self":[{"href":"https:\/\/santemc.quebec\/icentre\/wp-json\/wp\/v2\/posts\/201193"}],"collection":[{"href":"https:\/\/santemc.quebec\/icentre\/wp-json\/wp\/v2\/posts"}],"about":[{"href":"https:\/\/santemc.quebec\/icentre\/wp-json\/wp\/v2\/types\/post"}],"author":[{"embeddable":true,"href":"https:\/\/santemc.quebec\/icentre\/wp-json\/wp\/v2\/users\/9"}],"replies":[{"embeddable":true,"href":"https:\/\/santemc.quebec\/icentre\/wp-json\/wp\/v2\/comments?post=201193"}],"version-history":[{"count":3,"href":"https:\/\/santemc.quebec\/icentre\/wp-json\/wp\/v2\/posts\/201193\/revisions"}],"predecessor-version":[{"id":201196,"href":"https:\/\/santemc.quebec\/icentre\/wp-json\/wp\/v2\/posts\/201193\/revisions\/201196"}],"wp:attachment":[{"href":"https:\/\/santemc.quebec\/icentre\/wp-json\/wp\/v2\/media?parent=201193"}],"wp:term":[{"taxonomy":"category","embeddable":true,"href":"https:\/\/santemc.quebec\/icentre\/wp-json\/wp\/v2\/categories?post=201193"},{"taxonomy":"post_tag","embeddable":true,"href":"https:\/\/santemc.quebec\/icentre\/wp-json\/wp\/v2\/tags?post=201193"}],"curies":[{"name":"wp","href":"https:\/\/api.w.org\/{rel}","templated":true}]}}