{"id":201203,"date":"2021-12-23T16:00:45","date_gmt":"2021-12-23T21:00:45","guid":{"rendered":"https:\/\/santemc.quebec\/icentre\/?p=201203"},"modified":"2021-12-20T11:03:13","modified_gmt":"2021-12-20T16:03:13","slug":"25-jours-de-celebrations-remerciement-du-29-novembre-copy-copy-copy-copy-copy-copy-copy-copy-copy-copy-copy-copy-copy-copy-copy-copy-copy-copy-copy-copy-copy-copy-copy-copy","status":"publish","type":"post","link":"https:\/\/santemc.quebec\/icentre\/25-jours-de-celebrations-remerciement-du-29-novembre-copy-copy-copy-copy-copy-copy-copy-copy-copy-copy-copy-copy-copy-copy-copy-copy-copy-copy-copy-copy-copy-copy-copy-copy\/","title":{"rendered":"25 jours de c\u00e9l\u00e9brations : remerciement du 23 d\u00e9cembre"},"content":{"rendered":"<p><a href=\"https:\/\/santemc.quebec\/santemc\/icentre\/wp-content\/uploads\/2021\/11\/Jour25.png\"><img decoding=\"async\" loading=\"lazy\" class=\"size-medium wp-image-199905 alignleft\" src=\"https:\/\/santemc.quebec\/santemc\/icentre\/wp-content\/uploads\/2021\/11\/Jour25-300x176.png\" alt=\"\" width=\"300\" height=\"176\" srcset=\"https:\/\/santemc.quebec\/santemc\/icentre\/wp-content\/uploads\/2021\/11\/Jour25-300x176.png 300w, https:\/\/santemc.quebec\/santemc\/icentre\/wp-content\/uploads\/2021\/11\/Jour25-1024x601.png 1024w, https:\/\/santemc.quebec\/santemc\/icentre\/wp-content\/uploads\/2021\/11\/Jour25-768x451.png 768w, https:\/\/santemc.quebec\/santemc\/icentre\/wp-content\/uploads\/2021\/11\/Jour25-500x293.png 500w, https:\/\/santemc.quebec\/santemc\/icentre\/wp-content\/uploads\/2021\/11\/Jour25.png 1092w\" sizes=\"(max-width: 300px) 100vw, 300px\" \/><\/a><\/p>\n<p><span data-contrast=\"auto\">\u00c0 tous les employ\u00e9s, gestionnaires, m\u00e9decins, \u00e9tudiants et stagiaires du CISSS de la Mont\u00e9r\u00e9gie-Centre.\u00a0<\/span><span data-ccp-props=\"{&quot;201341983&quot;:0,&quot;335559739&quot;:160,&quot;335559740&quot;:259}\">\u00a0<\/span><\/p>\n<p><span data-contrast=\"auto\">Depuis 24 jours, les directeurs de notre organisation vous adressent, dans leurs mots, des remerciements et des f\u00e9licitations pleinement m\u00e9rit\u00e9s pour souligner tout le travail effectu\u00e9 cette ann\u00e9e. C\u2019est un honneur pour moi de joindre ma voix \u00e0 la leur pour vous transmettre mes meilleurs v\u0153ux pour le temps des F\u00eates. Je souhaite aussi profiter de cette tribune pour vous t\u00e9moigner toute ma reconnaissance et vous dire sinc\u00e8rement\u202f: MERCI!<\/span><span data-ccp-props=\"{&quot;201341983&quot;:0,&quot;335559739&quot;:160,&quot;335559740&quot;:259}\">\u00a0<\/span><\/p>\n<p><!--more--><\/p>\n<p><span data-contrast=\"auto\">En 2021, j\u2019ai senti notre organisation unie et mobilis\u00e9e plus que jamais pour affronter les nouvelles vagues de la pand\u00e9mie et d\u00e9ployer toutes les activit\u00e9s n\u00e9cessaires \u00e0 l\u2019urgence sanitaire tout en poursuivant les activit\u00e9s r\u00e9guli\u00e8res. J\u2019ai vu que tous les acteurs de notre grande organisation avaient \u00e0 c\u0153ur de ramer dans le m\u00eame sens pour faire avancer le navire du CISSSMC.\u00a0<\/span><span data-ccp-props=\"{&quot;201341983&quot;:0,&quot;335559739&quot;:160,&quot;335559740&quot;:259}\">\u00a0<\/span><\/p>\n<p><span data-contrast=\"auto\">M\u00eame si les derniers mois n\u2019ont pas \u00e9t\u00e9 faciles, vous avez fait preuve d\u2019une grande r\u00e9silience, de cr\u00e9ativit\u00e9 pour r\u00e9soudre les probl\u00e8mes et d\u2019un professionnalisme exemplaire pour offrir des soins et services de qualit\u00e9 \u00e0 la population. Tous les d\u00e9fis relev\u00e9s et les projets r\u00e9alis\u00e9s ont fait grandir notre \u00e9tablissement, mais je crois aussi qu\u2019ils ont permis \u00e0 chaque individu de se d\u00e9velopper.<\/span><span data-ccp-props=\"{&quot;201341983&quot;:0,&quot;335559739&quot;:160,&quot;335559740&quot;:259}\">\u00a0<\/span><\/p>\n<p><span data-contrast=\"auto\">Que vous soyez membre des \u00e9quipes cliniques ou administratives, gestionnaire, m\u00e9decin ou chercheur, vous pouvez \u00eatre fiers de ce que vous avez accompli cette ann\u00e9e. Moi, je le suis, vraiment. <\/span><span data-ccp-props=\"{&quot;201341983&quot;:0,&quot;335559739&quot;:160,&quot;335559740&quot;:259}\">\u00a0<\/span><\/p>\n<p><span data-contrast=\"auto\">La bataille n\u2019est pas termin\u00e9e, la situation actuelle est pr\u00e9occupante, mais je vous encourage \u00e0 maintenir le cap et \u00e0 poursuivre vos efforts. Ensemble, nous sommes plus forts.<\/span><span data-ccp-props=\"{&quot;201341983&quot;:0,&quot;335559739&quot;:160,&quot;335559740&quot;:259}\">\u00a0<\/span><\/p>\n<p><span data-contrast=\"auto\">En terminant, en mon nom personnel et au nom du comit\u00e9 de direction, je vous souhaite de passer de joyeuses F\u00eates et de profiter de ce moment de repos bien m\u00e9rit\u00e9. Que 2022 vous apporte sant\u00e9, s\u00e9r\u00e9nit\u00e9 et bonheur.\u00a0<\/span><span data-ccp-props=\"{&quot;201341983&quot;:0,&quot;335559739&quot;:160,&quot;335559740&quot;:259}\">\u00a0<\/span><\/p>\n<p>Richard Deschamps, pr\u00e9sident-directeur g\u00e9n\u00e9ral<\/p>\n","protected":false},"excerpt":{"rendered":"<p>\u00c0 tous les employ\u00e9s, gestionnaires, m\u00e9decins, \u00e9tudiants et stagiaires du CISSS de la Mont\u00e9r\u00e9gie-Centre.\u00a0\u00a0 Depuis 24 jours, les directeurs de notre organisation vous adressent, dans leurs mots, des remerciements et des f\u00e9licitations pleinement m\u00e9rit\u00e9s pour souligner tout le travail effectu\u00e9 &hellip; <a href=\"https:\/\/santemc.quebec\/icentre\/25-jours-de-celebrations-remerciement-du-29-novembre-copy-copy-copy-copy-copy-copy-copy-copy-copy-copy-copy-copy-copy-copy-copy-copy-copy-copy-copy-copy-copy-copy-copy-copy\/\">Continuer la lecture <span class=\"meta-nav\">&rarr;<\/span><\/a><\/p>\n","protected":false},"author":9,"featured_media":0,"comment_status":"open","ping_status":"closed","sticky":false,"template":"","format":"standard","meta":{"footnotes":""},"categories":[1],"tags":[],"_links":{"self":[{"href":"https:\/\/santemc.quebec\/icentre\/wp-json\/wp\/v2\/posts\/201203"}],"collection":[{"href":"https:\/\/santemc.quebec\/icentre\/wp-json\/wp\/v2\/posts"}],"about":[{"href":"https:\/\/santemc.quebec\/icentre\/wp-json\/wp\/v2\/types\/post"}],"author":[{"embeddable":true,"href":"https:\/\/santemc.quebec\/icentre\/wp-json\/wp\/v2\/users\/9"}],"replies":[{"embeddable":true,"href":"https:\/\/santemc.quebec\/icentre\/wp-json\/wp\/v2\/comments?post=201203"}],"version-history":[{"count":3,"href":"https:\/\/santemc.quebec\/icentre\/wp-json\/wp\/v2\/posts\/201203\/revisions"}],"predecessor-version":[{"id":201206,"href":"https:\/\/santemc.quebec\/icentre\/wp-json\/wp\/v2\/posts\/201203\/revisions\/201206"}],"wp:attachment":[{"href":"https:\/\/santemc.quebec\/icentre\/wp-json\/wp\/v2\/media?parent=201203"}],"wp:term":[{"taxonomy":"category","embeddable":true,"href":"https:\/\/santemc.quebec\/icentre\/wp-json\/wp\/v2\/categories?post=201203"},{"taxonomy":"post_tag","embeddable":true,"href":"https:\/\/santemc.quebec\/icentre\/wp-json\/wp\/v2\/tags?post=201203"}],"curies":[{"name":"wp","href":"https:\/\/api.w.org\/{rel}","templated":true}]}}