{"id":201494,"date":"2021-12-22T10:51:34","date_gmt":"2021-12-22T15:51:34","guid":{"rendered":"https:\/\/santemc.quebec\/icentre\/?p=201494"},"modified":"2021-12-22T10:51:34","modified_gmt":"2021-12-22T15:51:34","slug":"rappel-concernant-les-symptomes-associes-a-la-covid-19","status":"publish","type":"post","link":"https:\/\/santemc.quebec\/icentre\/rappel-concernant-les-symptomes-associes-a-la-covid-19\/","title":{"rendered":"Rappel concernant les sympt\u00f4mes associ\u00e9s \u00e0 la COVID-19"},"content":{"rendered":"<p><a href=\"https:\/\/santemc.quebec\/santemc\/icentre\/wp-content\/uploads\/2021\/12\/2021-12-22_NS_Rappel_symptomes-associes_COVID-19.pdf\" target=\"_blank\" rel=\"noopener\">Lire la note de service<\/a><\/p>\n<p>&nbsp;<\/p>\n<p>&nbsp;<\/p>\n","protected":false},"excerpt":{"rendered":"<p>Lire la note de service &nbsp; &nbsp;<\/p>\n","protected":false},"author":1,"featured_media":0,"comment_status":"open","ping_status":"closed","sticky":false,"template":"","format":"standard","meta":{"footnotes":""},"categories":[1],"tags":[],"_links":{"self":[{"href":"https:\/\/santemc.quebec\/icentre\/wp-json\/wp\/v2\/posts\/201494"}],"collection":[{"href":"https:\/\/santemc.quebec\/icentre\/wp-json\/wp\/v2\/posts"}],"about":[{"href":"https:\/\/santemc.quebec\/icentre\/wp-json\/wp\/v2\/types\/post"}],"author":[{"embeddable":true,"href":"https:\/\/santemc.quebec\/icentre\/wp-json\/wp\/v2\/users\/1"}],"replies":[{"embeddable":true,"href":"https:\/\/santemc.quebec\/icentre\/wp-json\/wp\/v2\/comments?post=201494"}],"version-history":[{"count":1,"href":"https:\/\/santemc.quebec\/icentre\/wp-json\/wp\/v2\/posts\/201494\/revisions"}],"predecessor-version":[{"id":201496,"href":"https:\/\/santemc.quebec\/icentre\/wp-json\/wp\/v2\/posts\/201494\/revisions\/201496"}],"wp:attachment":[{"href":"https:\/\/santemc.quebec\/icentre\/wp-json\/wp\/v2\/media?parent=201494"}],"wp:term":[{"taxonomy":"category","embeddable":true,"href":"https:\/\/santemc.quebec\/icentre\/wp-json\/wp\/v2\/categories?post=201494"},{"taxonomy":"post_tag","embeddable":true,"href":"https:\/\/santemc.quebec\/icentre\/wp-json\/wp\/v2\/tags?post=201494"}],"curies":[{"name":"wp","href":"https:\/\/api.w.org\/{rel}","templated":true}]}}