{"id":201680,"date":"2021-12-23T16:06:56","date_gmt":"2021-12-23T21:06:56","guid":{"rendered":"https:\/\/santemc.quebec\/icentre\/?p=201680"},"modified":"2021-12-23T16:06:56","modified_gmt":"2021-12-23T21:06:56","slug":"depistage-covid-19-unites-de-soins-de-courte-duree-de-lhclm-et-lhhr","status":"publish","type":"post","link":"https:\/\/santemc.quebec\/icentre\/depistage-covid-19-unites-de-soins-de-courte-duree-de-lhclm-et-lhhr\/","title":{"rendered":"D\u00e9pistage COVID-19 unit\u00e9s de soins de courte dur\u00e9e de l\u2019HCLM et l\u2019HHR"},"content":{"rendered":"<p><a href=\"https:\/\/santemc.quebec\/santemc\/icentre\/wp-content\/uploads\/2021\/12\/2021-12-23_NS_Depistage_COVID_unites_soins_CH.pdf\" target=\"_blank\" rel=\"noopener\">Lire la note de service<\/a><\/p>\n<p>&nbsp;<\/p>\n","protected":false},"excerpt":{"rendered":"<p>Lire la note de service &nbsp;<\/p>\n","protected":false},"author":1,"featured_media":0,"comment_status":"open","ping_status":"closed","sticky":false,"template":"","format":"standard","meta":{"footnotes":""},"categories":[1],"tags":[],"_links":{"self":[{"href":"https:\/\/santemc.quebec\/icentre\/wp-json\/wp\/v2\/posts\/201680"}],"collection":[{"href":"https:\/\/santemc.quebec\/icentre\/wp-json\/wp\/v2\/posts"}],"about":[{"href":"https:\/\/santemc.quebec\/icentre\/wp-json\/wp\/v2\/types\/post"}],"author":[{"embeddable":true,"href":"https:\/\/santemc.quebec\/icentre\/wp-json\/wp\/v2\/users\/1"}],"replies":[{"embeddable":true,"href":"https:\/\/santemc.quebec\/icentre\/wp-json\/wp\/v2\/comments?post=201680"}],"version-history":[{"count":1,"href":"https:\/\/santemc.quebec\/icentre\/wp-json\/wp\/v2\/posts\/201680\/revisions"}],"predecessor-version":[{"id":201682,"href":"https:\/\/santemc.quebec\/icentre\/wp-json\/wp\/v2\/posts\/201680\/revisions\/201682"}],"wp:attachment":[{"href":"https:\/\/santemc.quebec\/icentre\/wp-json\/wp\/v2\/media?parent=201680"}],"wp:term":[{"taxonomy":"category","embeddable":true,"href":"https:\/\/santemc.quebec\/icentre\/wp-json\/wp\/v2\/categories?post=201680"},{"taxonomy":"post_tag","embeddable":true,"href":"https:\/\/santemc.quebec\/icentre\/wp-json\/wp\/v2\/tags?post=201680"}],"curies":[{"name":"wp","href":"https:\/\/api.w.org\/{rel}","templated":true}]}}