{"id":201699,"date":"2021-12-23T17:36:05","date_gmt":"2021-12-23T22:36:05","guid":{"rendered":"https:\/\/santemc.quebec\/icentre\/?p=201699"},"modified":"2021-12-28T09:06:14","modified_gmt":"2021-12-28T14:06:14","slug":"les-pompiers-distribuent-des-cadeaux-aux-enfants-hospitalises-a-lhopital-du-haut-richelieu","status":"publish","type":"post","link":"https:\/\/santemc.quebec\/icentre\/les-pompiers-distribuent-des-cadeaux-aux-enfants-hospitalises-a-lhopital-du-haut-richelieu\/","title":{"rendered":"Les pompiers distribuent des cadeaux aux enfants hospitalis\u00e9s \u00e0 l&rsquo;H\u00f4pital du Haut-Richelieu"},"content":{"rendered":"<div id=\"attachment_201705\" style=\"width: 310px\" class=\"wp-caption alignleft\"><a href=\"https:\/\/santemc.quebec\/santemc\/icentre\/wp-content\/uploads\/2021\/12\/thumbnail_IMG_1379.jpg\"><img aria-describedby=\"caption-attachment-201705\" decoding=\"async\" loading=\"lazy\" class=\"wp-image-201705 size-medium\" src=\"https:\/\/santemc.quebec\/santemc\/icentre\/wp-content\/uploads\/2021\/12\/thumbnail_IMG_1379-300x225.jpg\" alt=\"\" width=\"300\" height=\"225\" srcset=\"https:\/\/santemc.quebec\/santemc\/icentre\/wp-content\/uploads\/2021\/12\/thumbnail_IMG_1379-300x225.jpg 300w, https:\/\/santemc.quebec\/santemc\/icentre\/wp-content\/uploads\/2021\/12\/thumbnail_IMG_1379-1024x768.jpg 1024w, https:\/\/santemc.quebec\/santemc\/icentre\/wp-content\/uploads\/2021\/12\/thumbnail_IMG_1379-768x576.jpg 768w, https:\/\/santemc.quebec\/santemc\/icentre\/wp-content\/uploads\/2021\/12\/thumbnail_IMG_1379-400x300.jpg 400w, https:\/\/santemc.quebec\/santemc\/icentre\/wp-content\/uploads\/2021\/12\/thumbnail_IMG_1379.jpg 1280w\" sizes=\"(max-width: 300px) 100vw, 300px\" \/><\/a><p id=\"caption-attachment-201705\" class=\"wp-caption-text\">Sur la photo, on aper\u00e7oit : Alexandre Ledoux (genou au sol), Kevin Latour (en arri\u00e8re), Richard Bonhomme, le p\u00e8re No\u00ebl, la chef de l\u2019unit\u00e9 m\u00e8re-enfant et p\u00e9diatrie St\u00e9phanie Morissette, Jean Thimineur et Martin Charbonneau.<\/p><\/div>\n<p class=\"x_x_x_x_x_MsoNormal\">La COVID-19 n\u2019a pas r\u00e9ussi \u00e0 d\u00e9courager les pompiers de Saint-Jean-sur-Richelieu\u00a0qui sont venus ce matin, fid\u00e8les \u00e0 leur habitude, offrir des cadeaux aux enfants hospitalis\u00e9s \u00e0 quelques jours de No\u00ebl. Les pompiers ont maintenu cette tradition qui apporte toujours beaucoup de magie \u00e0 l\u2019approche des f\u00eates, m\u00eame si pour la deuxi\u00e8me ann\u00e9e cons\u00e9cutive, ils n\u2019ont pu en faire la distribution eux-m\u00eames aux enfants, COVID oblige. <!--more--><\/p>\n<p class=\"x_x_x_x_x_MsoNormal\">Cette ann\u00e9e, l\u2019Association des pompiers de Saint-Jean-sur-Richelieu en collaboration avec la Ville de Saint-Jean-sur-Richelieu ont offert des cartes-cadeaux aux parents des enfants hospitalis\u00e9s \u00e0 l&rsquo;unit\u00e9 m\u00e8re-enfant ainsi qu&rsquo;en p\u00e9diatrie. Ils ont \u00e9galement apport\u00e9 des pr\u00e9sents qui ont \u00e9t\u00e9 attribu\u00e9s au hasard parmi les employ\u00e9s pour les remercier pour leur travail remarquable accompli tout au long de la pand\u00e9mie.<\/p>\n<p class=\"x_x_x_x_x_MsoNormal\">Bravo et merci aux pompiers de Saint-Jean-sur-Richelieu pour leur g\u00e9n\u00e9rosit\u00e9 et leur fid\u00e9lit\u00e9!<\/p>\n<p>[envira-gallery id=\u00a0\u00bb201708&Prime;]<\/p>\n","protected":false},"excerpt":{"rendered":"<p>La COVID-19 n\u2019a pas r\u00e9ussi \u00e0 d\u00e9courager les pompiers de Saint-Jean-sur-Richelieu\u00a0qui sont venus ce matin, fid\u00e8les \u00e0 leur habitude, offrir des cadeaux aux enfants hospitalis\u00e9s \u00e0 quelques jours de No\u00ebl. Les pompiers ont maintenu cette tradition qui apporte toujours beaucoup &hellip; <a href=\"https:\/\/santemc.quebec\/icentre\/les-pompiers-distribuent-des-cadeaux-aux-enfants-hospitalises-a-lhopital-du-haut-richelieu\/\">Continuer la lecture <span class=\"meta-nav\">&rarr;<\/span><\/a><\/p>\n","protected":false},"author":1,"featured_media":0,"comment_status":"open","ping_status":"closed","sticky":false,"template":"","format":"standard","meta":{"footnotes":""},"categories":[1],"tags":[],"_links":{"self":[{"href":"https:\/\/santemc.quebec\/icentre\/wp-json\/wp\/v2\/posts\/201699"}],"collection":[{"href":"https:\/\/santemc.quebec\/icentre\/wp-json\/wp\/v2\/posts"}],"about":[{"href":"https:\/\/santemc.quebec\/icentre\/wp-json\/wp\/v2\/types\/post"}],"author":[{"embeddable":true,"href":"https:\/\/santemc.quebec\/icentre\/wp-json\/wp\/v2\/users\/1"}],"replies":[{"embeddable":true,"href":"https:\/\/santemc.quebec\/icentre\/wp-json\/wp\/v2\/comments?post=201699"}],"version-history":[{"count":4,"href":"https:\/\/santemc.quebec\/icentre\/wp-json\/wp\/v2\/posts\/201699\/revisions"}],"predecessor-version":[{"id":201874,"href":"https:\/\/santemc.quebec\/icentre\/wp-json\/wp\/v2\/posts\/201699\/revisions\/201874"}],"wp:attachment":[{"href":"https:\/\/santemc.quebec\/icentre\/wp-json\/wp\/v2\/media?parent=201699"}],"wp:term":[{"taxonomy":"category","embeddable":true,"href":"https:\/\/santemc.quebec\/icentre\/wp-json\/wp\/v2\/categories?post=201699"},{"taxonomy":"post_tag","embeddable":true,"href":"https:\/\/santemc.quebec\/icentre\/wp-json\/wp\/v2\/tags?post=201699"}],"curies":[{"name":"wp","href":"https:\/\/api.w.org\/{rel}","templated":true}]}}