{"id":201903,"date":"2021-12-28T14:30:56","date_gmt":"2021-12-28T19:30:56","guid":{"rendered":"https:\/\/santemc.quebec\/icentre\/?p=201903"},"modified":"2021-12-28T14:31:25","modified_gmt":"2021-12-28T19:31:25","slug":"eclosion-de-covid-19-au-2-eme-etage-du-chsld-champlain","status":"publish","type":"post","link":"https:\/\/santemc.quebec\/icentre\/eclosion-de-covid-19-au-2-eme-etage-du-chsld-champlain\/","title":{"rendered":"\u00c9closion de COVID-19 au 2 \u00e8me \u00e9tage du CHSLD Champlain"},"content":{"rendered":"<p><a href=\"https:\/\/santemc.quebec\/santemc\/icentre\/wp-content\/uploads\/2021\/12\/2021-12-28_NS_Eclosion_COVID_2e_CHSLD_Champlain.pdf\">Lire la note de service<\/a><\/p>\n","protected":false},"excerpt":{"rendered":"<p>Lire la note de service<\/p>\n","protected":false},"author":33,"featured_media":0,"comment_status":"open","ping_status":"closed","sticky":false,"template":"","format":"standard","meta":{"footnotes":""},"categories":[1],"tags":[],"_links":{"self":[{"href":"https:\/\/santemc.quebec\/icentre\/wp-json\/wp\/v2\/posts\/201903"}],"collection":[{"href":"https:\/\/santemc.quebec\/icentre\/wp-json\/wp\/v2\/posts"}],"about":[{"href":"https:\/\/santemc.quebec\/icentre\/wp-json\/wp\/v2\/types\/post"}],"author":[{"embeddable":true,"href":"https:\/\/santemc.quebec\/icentre\/wp-json\/wp\/v2\/users\/33"}],"replies":[{"embeddable":true,"href":"https:\/\/santemc.quebec\/icentre\/wp-json\/wp\/v2\/comments?post=201903"}],"version-history":[{"count":2,"href":"https:\/\/santemc.quebec\/icentre\/wp-json\/wp\/v2\/posts\/201903\/revisions"}],"predecessor-version":[{"id":201907,"href":"https:\/\/santemc.quebec\/icentre\/wp-json\/wp\/v2\/posts\/201903\/revisions\/201907"}],"wp:attachment":[{"href":"https:\/\/santemc.quebec\/icentre\/wp-json\/wp\/v2\/media?parent=201903"}],"wp:term":[{"taxonomy":"category","embeddable":true,"href":"https:\/\/santemc.quebec\/icentre\/wp-json\/wp\/v2\/categories?post=201903"},{"taxonomy":"post_tag","embeddable":true,"href":"https:\/\/santemc.quebec\/icentre\/wp-json\/wp\/v2\/tags?post=201903"}],"curies":[{"name":"wp","href":"https:\/\/api.w.org\/{rel}","templated":true}]}}