{"id":202054,"date":"2021-12-30T12:04:31","date_gmt":"2021-12-30T17:04:31","guid":{"rendered":"https:\/\/santemc.quebec\/icentre\/?p=202054"},"modified":"2021-12-30T12:04:31","modified_gmt":"2021-12-30T17:04:31","slug":"eclosion-de-covid-19-au-3ieme-etage-du-chsld-georges-phaneuf","status":"publish","type":"post","link":"https:\/\/santemc.quebec\/icentre\/eclosion-de-covid-19-au-3ieme-etage-du-chsld-georges-phaneuf\/","title":{"rendered":"\u00c9closion de COVID-19 au 3i\u00e8me \u00e9tage du CHSLD Georges-Phaneuf"},"content":{"rendered":"<p><a href=\"https:\/\/santemc.quebec\/santemc\/icentre\/wp-content\/uploads\/2021\/12\/2021-12-30_NS_Eclosion-COVID_CHSLD_Georges-Phaneuf_3e_etage-1.pdf\">Lire a note de service<\/a><\/p>\n","protected":false},"excerpt":{"rendered":"<p>Lire a note de service<\/p>\n","protected":false},"author":33,"featured_media":0,"comment_status":"open","ping_status":"closed","sticky":false,"template":"","format":"standard","meta":{"footnotes":""},"categories":[1],"tags":[],"_links":{"self":[{"href":"https:\/\/santemc.quebec\/icentre\/wp-json\/wp\/v2\/posts\/202054"}],"collection":[{"href":"https:\/\/santemc.quebec\/icentre\/wp-json\/wp\/v2\/posts"}],"about":[{"href":"https:\/\/santemc.quebec\/icentre\/wp-json\/wp\/v2\/types\/post"}],"author":[{"embeddable":true,"href":"https:\/\/santemc.quebec\/icentre\/wp-json\/wp\/v2\/users\/33"}],"replies":[{"embeddable":true,"href":"https:\/\/santemc.quebec\/icentre\/wp-json\/wp\/v2\/comments?post=202054"}],"version-history":[{"count":1,"href":"https:\/\/santemc.quebec\/icentre\/wp-json\/wp\/v2\/posts\/202054\/revisions"}],"predecessor-version":[{"id":202056,"href":"https:\/\/santemc.quebec\/icentre\/wp-json\/wp\/v2\/posts\/202054\/revisions\/202056"}],"wp:attachment":[{"href":"https:\/\/santemc.quebec\/icentre\/wp-json\/wp\/v2\/media?parent=202054"}],"wp:term":[{"taxonomy":"category","embeddable":true,"href":"https:\/\/santemc.quebec\/icentre\/wp-json\/wp\/v2\/categories?post=202054"},{"taxonomy":"post_tag","embeddable":true,"href":"https:\/\/santemc.quebec\/icentre\/wp-json\/wp\/v2\/tags?post=202054"}],"curies":[{"name":"wp","href":"https:\/\/api.w.org\/{rel}","templated":true}]}}