{"id":202057,"date":"2021-12-30T12:05:07","date_gmt":"2021-12-30T17:05:07","guid":{"rendered":"https:\/\/santemc.quebec\/icentre\/?p=202057"},"modified":"2021-12-30T12:05:07","modified_gmt":"2021-12-30T17:05:07","slug":"eclosion-de-covid-19-centre-de-readaptation-st-lambert-1-er-et-2e-etage","status":"publish","type":"post","link":"https:\/\/santemc.quebec\/icentre\/eclosion-de-covid-19-centre-de-readaptation-st-lambert-1-er-et-2e-etage\/","title":{"rendered":"\u00c9closion de COVID-19 &#8211; Centre de r\u00e9adaptation St-Lambert (1 er et 2e \u00e9tage)"},"content":{"rendered":"<p><a href=\"https:\/\/santemc.quebec\/santemc\/icentre\/wp-content\/uploads\/2021\/12\/2021-12-30_NS_Eclosion_COVID_Centre_readaptation_St-Lambert_1er_2e_etage-1.pdf\">Lire la note de service<\/a><\/p>\n","protected":false},"excerpt":{"rendered":"<p>Lire la note de service<\/p>\n","protected":false},"author":33,"featured_media":0,"comment_status":"open","ping_status":"closed","sticky":false,"template":"","format":"standard","meta":{"footnotes":""},"categories":[1],"tags":[],"_links":{"self":[{"href":"https:\/\/santemc.quebec\/icentre\/wp-json\/wp\/v2\/posts\/202057"}],"collection":[{"href":"https:\/\/santemc.quebec\/icentre\/wp-json\/wp\/v2\/posts"}],"about":[{"href":"https:\/\/santemc.quebec\/icentre\/wp-json\/wp\/v2\/types\/post"}],"author":[{"embeddable":true,"href":"https:\/\/santemc.quebec\/icentre\/wp-json\/wp\/v2\/users\/33"}],"replies":[{"embeddable":true,"href":"https:\/\/santemc.quebec\/icentre\/wp-json\/wp\/v2\/comments?post=202057"}],"version-history":[{"count":1,"href":"https:\/\/santemc.quebec\/icentre\/wp-json\/wp\/v2\/posts\/202057\/revisions"}],"predecessor-version":[{"id":202059,"href":"https:\/\/santemc.quebec\/icentre\/wp-json\/wp\/v2\/posts\/202057\/revisions\/202059"}],"wp:attachment":[{"href":"https:\/\/santemc.quebec\/icentre\/wp-json\/wp\/v2\/media?parent=202057"}],"wp:term":[{"taxonomy":"category","embeddable":true,"href":"https:\/\/santemc.quebec\/icentre\/wp-json\/wp\/v2\/categories?post=202057"},{"taxonomy":"post_tag","embeddable":true,"href":"https:\/\/santemc.quebec\/icentre\/wp-json\/wp\/v2\/tags?post=202057"}],"curies":[{"name":"wp","href":"https:\/\/api.w.org\/{rel}","templated":true}]}}