{"id":202084,"date":"2021-12-30T15:11:20","date_gmt":"2021-12-30T20:11:20","guid":{"rendered":"https:\/\/santemc.quebec\/icentre\/?p=202084"},"modified":"2021-12-30T15:11:20","modified_gmt":"2021-12-30T20:11:20","slug":"covid-19-mise-a-jour-de-la-foire-aux-questions-28","status":"publish","type":"post","link":"https:\/\/santemc.quebec\/icentre\/covid-19-mise-a-jour-de-la-foire-aux-questions-28\/","title":{"rendered":"COVID-19 : Mise \u00e0 jour de la Foire aux questions"},"content":{"rendered":"<p>Des modifications importantes ont \u00e9t\u00e9 apport\u00e9es \u00e0 la<a href=\"https:\/\/santemc.quebec\/icentre\/?page_id=185406\" target=\"_blank\" rel=\"noopener\"> Foire aux questions des employ\u00e9s<\/a>.<\/p>\n","protected":false},"excerpt":{"rendered":"<p>Des modifications importantes ont \u00e9t\u00e9 apport\u00e9es \u00e0 la Foire aux questions des employ\u00e9s.<\/p>\n","protected":false},"author":33,"featured_media":0,"comment_status":"open","ping_status":"closed","sticky":false,"template":"","format":"standard","meta":{"footnotes":""},"categories":[1],"tags":[],"_links":{"self":[{"href":"https:\/\/santemc.quebec\/icentre\/wp-json\/wp\/v2\/posts\/202084"}],"collection":[{"href":"https:\/\/santemc.quebec\/icentre\/wp-json\/wp\/v2\/posts"}],"about":[{"href":"https:\/\/santemc.quebec\/icentre\/wp-json\/wp\/v2\/types\/post"}],"author":[{"embeddable":true,"href":"https:\/\/santemc.quebec\/icentre\/wp-json\/wp\/v2\/users\/33"}],"replies":[{"embeddable":true,"href":"https:\/\/santemc.quebec\/icentre\/wp-json\/wp\/v2\/comments?post=202084"}],"version-history":[{"count":1,"href":"https:\/\/santemc.quebec\/icentre\/wp-json\/wp\/v2\/posts\/202084\/revisions"}],"predecessor-version":[{"id":202085,"href":"https:\/\/santemc.quebec\/icentre\/wp-json\/wp\/v2\/posts\/202084\/revisions\/202085"}],"wp:attachment":[{"href":"https:\/\/santemc.quebec\/icentre\/wp-json\/wp\/v2\/media?parent=202084"}],"wp:term":[{"taxonomy":"category","embeddable":true,"href":"https:\/\/santemc.quebec\/icentre\/wp-json\/wp\/v2\/categories?post=202084"},{"taxonomy":"post_tag","embeddable":true,"href":"https:\/\/santemc.quebec\/icentre\/wp-json\/wp\/v2\/tags?post=202084"}],"curies":[{"name":"wp","href":"https:\/\/api.w.org\/{rel}","templated":true}]}}