{"id":202543,"date":"2022-01-05T15:39:03","date_gmt":"2022-01-05T20:39:03","guid":{"rendered":"https:\/\/santemc.quebec\/icentre\/?p=202543"},"modified":"2022-01-06T16:23:59","modified_gmt":"2022-01-06T21:23:59","slug":"eclosion-de-covid-19-au-3e-etage-du-chsld-henriette-cere","status":"publish","type":"post","link":"https:\/\/santemc.quebec\/icentre\/eclosion-de-covid-19-au-3e-etage-du-chsld-henriette-cere\/","title":{"rendered":"\u00c9closion de COVID-19 au 3e \u00e9tage du CHSLD Henriette-C\u00e9r\u00e9"},"content":{"rendered":"<p><a href=\"https:\/\/santemc.quebec\/santemc\/icentre\/wp-content\/uploads\/2022\/01\/2022-01-05_NS_Eclosion_COVID_3e_etage_CHSLD_Henriette-Cere.pdf\" target=\"_blank\" rel=\"noopener\">Lire la note de service<\/a><\/p>\n<p>&nbsp;<\/p>\n","protected":false},"excerpt":{"rendered":"<p>Lire la note de service &nbsp;<\/p>\n","protected":false},"author":1,"featured_media":0,"comment_status":"open","ping_status":"closed","sticky":false,"template":"","format":"standard","meta":{"footnotes":""},"categories":[1],"tags":[],"_links":{"self":[{"href":"https:\/\/santemc.quebec\/icentre\/wp-json\/wp\/v2\/posts\/202543"}],"collection":[{"href":"https:\/\/santemc.quebec\/icentre\/wp-json\/wp\/v2\/posts"}],"about":[{"href":"https:\/\/santemc.quebec\/icentre\/wp-json\/wp\/v2\/types\/post"}],"author":[{"embeddable":true,"href":"https:\/\/santemc.quebec\/icentre\/wp-json\/wp\/v2\/users\/1"}],"replies":[{"embeddable":true,"href":"https:\/\/santemc.quebec\/icentre\/wp-json\/wp\/v2\/comments?post=202543"}],"version-history":[{"count":2,"href":"https:\/\/santemc.quebec\/icentre\/wp-json\/wp\/v2\/posts\/202543\/revisions"}],"predecessor-version":[{"id":202642,"href":"https:\/\/santemc.quebec\/icentre\/wp-json\/wp\/v2\/posts\/202543\/revisions\/202642"}],"wp:attachment":[{"href":"https:\/\/santemc.quebec\/icentre\/wp-json\/wp\/v2\/media?parent=202543"}],"wp:term":[{"taxonomy":"category","embeddable":true,"href":"https:\/\/santemc.quebec\/icentre\/wp-json\/wp\/v2\/categories?post=202543"},{"taxonomy":"post_tag","embeddable":true,"href":"https:\/\/santemc.quebec\/icentre\/wp-json\/wp\/v2\/tags?post=202543"}],"curies":[{"name":"wp","href":"https:\/\/api.w.org\/{rel}","templated":true}]}}