{"id":203022,"date":"2022-01-11T09:32:04","date_gmt":"2022-01-11T14:32:04","guid":{"rendered":"https:\/\/santemc.quebec\/icentre\/?p=203022"},"modified":"2022-01-11T09:32:04","modified_gmt":"2022-01-11T14:32:04","slug":"covid-19-mise-a-jour-de-la-foire-aux-questions-30","status":"publish","type":"post","link":"https:\/\/santemc.quebec\/icentre\/covid-19-mise-a-jour-de-la-foire-aux-questions-30\/","title":{"rendered":"COVID-19 : Mise \u00e0 jour de la Foire aux questions"},"content":{"rendered":"<p>Des ajouts ont \u00e9t\u00e9 apport\u00e9s aux sections suivantes :<\/p>\n<ul>\n<li><a href=\"https:\/\/santemc.quebec\/icentre\/?page_id=185406#appel\">Appel \u00e0 la mobilisation \u00e0 tous les employ\u00e9s<\/a><\/li>\n<li><a href=\"https:\/\/santemc.quebec\/icentre\/?page_id=185406#primes\">Primes<\/a><\/li>\n<li><a href=\"https:\/\/santemc.quebec\/icentre\/?page_id=185406#1000\">Montant forfaitaire 1 000 $<\/a><\/li>\n<li><a href=\"https:\/\/santemc.quebec\/icentre\/?page_id=185406#equipement\">\u00c9quipement<\/a><\/li>\n<li><a href=\"https:\/\/santemc.quebec\/icentre\/?page_id=185406#couverture\">Couverture vaccinale des travailleurs de la sant\u00e9 \/ D\u00e9pistage obligatoire<\/a><\/li>\n<\/ul>\n<p><a href=\"https:\/\/santemc.quebec\/icentre\/?page_id=185406\">Lire la Foire aux questions des employ\u00e9s<\/a><\/p>\n<p>&nbsp;<\/p>\n","protected":false},"excerpt":{"rendered":"<p>Des ajouts ont \u00e9t\u00e9 apport\u00e9s aux sections suivantes : Appel \u00e0 la mobilisation \u00e0 tous les employ\u00e9s Primes Montant forfaitaire 1 000 $ \u00c9quipement Couverture vaccinale des travailleurs de la sant\u00e9 \/ D\u00e9pistage obligatoire Lire la Foire aux questions des &hellip; <a href=\"https:\/\/santemc.quebec\/icentre\/covid-19-mise-a-jour-de-la-foire-aux-questions-30\/\">Continuer la lecture <span class=\"meta-nav\">&rarr;<\/span><\/a><\/p>\n","protected":false},"author":33,"featured_media":0,"comment_status":"open","ping_status":"closed","sticky":false,"template":"","format":"standard","meta":{"footnotes":""},"categories":[1],"tags":[],"_links":{"self":[{"href":"https:\/\/santemc.quebec\/icentre\/wp-json\/wp\/v2\/posts\/203022"}],"collection":[{"href":"https:\/\/santemc.quebec\/icentre\/wp-json\/wp\/v2\/posts"}],"about":[{"href":"https:\/\/santemc.quebec\/icentre\/wp-json\/wp\/v2\/types\/post"}],"author":[{"embeddable":true,"href":"https:\/\/santemc.quebec\/icentre\/wp-json\/wp\/v2\/users\/33"}],"replies":[{"embeddable":true,"href":"https:\/\/santemc.quebec\/icentre\/wp-json\/wp\/v2\/comments?post=203022"}],"version-history":[{"count":1,"href":"https:\/\/santemc.quebec\/icentre\/wp-json\/wp\/v2\/posts\/203022\/revisions"}],"predecessor-version":[{"id":203024,"href":"https:\/\/santemc.quebec\/icentre\/wp-json\/wp\/v2\/posts\/203022\/revisions\/203024"}],"wp:attachment":[{"href":"https:\/\/santemc.quebec\/icentre\/wp-json\/wp\/v2\/media?parent=203022"}],"wp:term":[{"taxonomy":"category","embeddable":true,"href":"https:\/\/santemc.quebec\/icentre\/wp-json\/wp\/v2\/categories?post=203022"},{"taxonomy":"post_tag","embeddable":true,"href":"https:\/\/santemc.quebec\/icentre\/wp-json\/wp\/v2\/tags?post=203022"}],"curies":[{"name":"wp","href":"https:\/\/api.w.org\/{rel}","templated":true}]}}