{"id":203794,"date":"2022-01-21T15:28:07","date_gmt":"2022-01-21T20:28:07","guid":{"rendered":"https:\/\/santemc.quebec\/icentre\/?p=203794"},"modified":"2022-01-21T15:28:07","modified_gmt":"2022-01-21T20:28:07","slug":"arrete-ministeriel-2022-003-repas-lors-de-temps-supplementaire","status":"publish","type":"post","link":"https:\/\/santemc.quebec\/icentre\/arrete-ministeriel-2022-003-repas-lors-de-temps-supplementaire\/","title":{"rendered":"Arr\u00eat\u00e9 minist\u00e9riel 2022-003, repas lors de temps suppl\u00e9mentaire"},"content":{"rendered":"<p><a href=\"https:\/\/santemc.quebec\/santemc\/icentre\/wp-content\/uploads\/2022\/01\/2022-01-21_NS_Repas_employes_TS.pdf\" target=\"_blank\" rel=\"noopener\">Lire la note de service<\/a><\/p>\n<p>&nbsp;<\/p>\n","protected":false},"excerpt":{"rendered":"<p>Lire la note de service &nbsp;<\/p>\n","protected":false},"author":1,"featured_media":0,"comment_status":"open","ping_status":"closed","sticky":false,"template":"","format":"standard","meta":{"footnotes":""},"categories":[1],"tags":[],"_links":{"self":[{"href":"https:\/\/santemc.quebec\/icentre\/wp-json\/wp\/v2\/posts\/203794"}],"collection":[{"href":"https:\/\/santemc.quebec\/icentre\/wp-json\/wp\/v2\/posts"}],"about":[{"href":"https:\/\/santemc.quebec\/icentre\/wp-json\/wp\/v2\/types\/post"}],"author":[{"embeddable":true,"href":"https:\/\/santemc.quebec\/icentre\/wp-json\/wp\/v2\/users\/1"}],"replies":[{"embeddable":true,"href":"https:\/\/santemc.quebec\/icentre\/wp-json\/wp\/v2\/comments?post=203794"}],"version-history":[{"count":1,"href":"https:\/\/santemc.quebec\/icentre\/wp-json\/wp\/v2\/posts\/203794\/revisions"}],"predecessor-version":[{"id":203796,"href":"https:\/\/santemc.quebec\/icentre\/wp-json\/wp\/v2\/posts\/203794\/revisions\/203796"}],"wp:attachment":[{"href":"https:\/\/santemc.quebec\/icentre\/wp-json\/wp\/v2\/media?parent=203794"}],"wp:term":[{"taxonomy":"category","embeddable":true,"href":"https:\/\/santemc.quebec\/icentre\/wp-json\/wp\/v2\/categories?post=203794"},{"taxonomy":"post_tag","embeddable":true,"href":"https:\/\/santemc.quebec\/icentre\/wp-json\/wp\/v2\/tags?post=203794"}],"curies":[{"name":"wp","href":"https:\/\/api.w.org\/{rel}","templated":true}]}}