{"id":204736,"date":"2022-04-04T16:08:37","date_gmt":"2022-04-04T20:08:37","guid":{"rendered":"https:\/\/santemc.quebec\/icentre\/?p=204736"},"modified":"2022-04-04T16:18:58","modified_gmt":"2022-04-04T20:18:58","slug":"bottin-telephonique-du-cisssmc-vos-coordonnees-professionnelles-sont-elles-a-jour","status":"publish","type":"post","link":"https:\/\/santemc.quebec\/icentre\/bottin-telephonique-du-cisssmc-vos-coordonnees-professionnelles-sont-elles-a-jour\/","title":{"rendered":"Bottin t\u00e9l\u00e9phonique du CISSSMC : vos coordonn\u00e9es professionnelles sont-elles \u00e0 jour?"},"content":{"rendered":"<p>Vous avez un poste t\u00e9l\u00e9phonique dans une des installations du CISSSMC? Savez-vous que vous pouvez vous-m\u00eame ajouter vos coordonn\u00e9es professionnelles dans le bottin t\u00e9l\u00e9phonique qui se trouve sur l&rsquo;intranet?<!--more--><\/p>\n<p><strong>Comment faire?<br \/>\n<\/strong>Une fois branch\u00e9 sur l&rsquo;intranet au <a href=\"https:\/\/intranetcisssmc.rtss.qc.ca\/\">intranetcissmc.ca<\/a>, cliquez sur le bouton \u00ab <em>Bottin du personnel<\/em> \u00bb dans le haut de la page d&rsquo;accueil ou, encore, sur l&rsquo;onglet dans le menu de gauche. Une fois dans le bottin, cliquez sur \u00ab <em>Mon Profil<\/em> \u00bb dans la barre bleue du haut de la page. Vous pourrez y ajouter votre num\u00e9ro de t\u00e9l\u00e9phone professionnel ainsi que d&rsquo;autres informations pertinentes qui permettent de communiquer avec vous. Si vous ne voyez pas \u00ab <em>Mon Profil<\/em> \u00bb dans la barre bleue, transmettez s&rsquo;il vous pla\u00eet vos coordonn\u00e9es \u00e0 l&rsquo;adresse <a href=\"mailto:intranet.cisssmc16@ssss.gouv.qc.ca\">intranet.cisssmc16@ssss.gouv.qc.ca<\/a>.<\/p>\n<p><img decoding=\"async\" loading=\"lazy\" class=\"aligncenter size-full wp-image-204737\" src=\"https:\/\/santemc.quebec\/santemc\/icentre\/wp-content\/uploads\/2022\/02\/Monprofil.png\" alt=\"\" width=\"1216\" height=\"521\" srcset=\"https:\/\/santemc.quebec\/santemc\/icentre\/wp-content\/uploads\/2022\/02\/Monprofil.png 1216w, https:\/\/santemc.quebec\/santemc\/icentre\/wp-content\/uploads\/2022\/02\/Monprofil-300x129.png 300w, https:\/\/santemc.quebec\/santemc\/icentre\/wp-content\/uploads\/2022\/02\/Monprofil-1024x439.png 1024w, https:\/\/santemc.quebec\/santemc\/icentre\/wp-content\/uploads\/2022\/02\/Monprofil-768x329.png 768w, https:\/\/santemc.quebec\/santemc\/icentre\/wp-content\/uploads\/2022\/02\/Monprofil-500x214.png 500w\" sizes=\"(max-width: 1216px) 100vw, 1216px\" \/><\/p>\n<p><strong>RAPPEL\u00a0:\u00a0 le bottin t\u00e9l\u00e9phonique est accessible seulement aux employ\u00e9s et m\u00e9decins branch\u00e9s sur le r\u00e9seau informatique de l\u2019\u00e9tablissement ou encore en t\u00e9l\u00e9acc\u00e8s (jeton virtuel).<\/strong><\/p>\n<p><strong>Nous avons besoin de votre collaboration!<br \/>\n<\/strong>Pour pouvoir compter sur un outil efficace sur lequel les employ\u00e9s et les t\u00e9l\u00e9phonistes peuvent se fier, nous avons besoin de la collaboration de tous!\u00a0 Assurez-vous que vos coordonn\u00e9es professionnelles soient \u00e0 jour! Plus il y aura de contenu, plus l&rsquo;outil sera efficace, appr\u00e9ci\u00e9 et utilis\u00e9 par tous.<\/p>\n<p>En plus des num\u00e9ros de postes des employ\u00e9s, vous retrouvez aussi dans le bottin les num\u00e9ros pour joindre les services, les installations ainsi que des r\u00e9pertoires t\u00e9l\u00e9phoniques d&rsquo;autres instances provinciales (onglet Web).<\/p>\n<p><strong>Avez-vous vos acc\u00e8s intranet?<br \/>\n<\/strong>Nous vous rappelons que pour vous brancher au site intranet et pour b\u00e9n\u00e9ficier de tous les avantages personnalis\u00e9s qu\u2019il offre, vous aurez besoin de votre compte unifi\u00e9 : nom d\u2019utilisateur et mot de passe. Nous vous invitons d\u00e8s maintenant \u00e0 retracer vos acc\u00e8s dans votre bo\u00eete courriel, dans vos documents personnels, ou en vous rendant sur la page d\u2019accueil de <a href=\"https:\/\/cisssmcvirtuo.rtss.qc.ca\/GuichetWeb\/\">Virtuo (Web-paie)<\/a>. L\u2019information pour r\u00e9cup\u00e9rer vos acc\u00e8s s\u2019y trouve. Nous mettons \u00e9galement \u00e0 votre disposition un compte visiteur temporaire qui vous permettra d\u2019acc\u00e9der au site :<\/p>\n<ul>\n<li>Nom d\u2019utilisateur : visiteur<\/li>\n<li>Mot de passe : visiteur2021<\/li>\n<\/ul>\n<p>&nbsp;<\/p>\n","protected":false},"excerpt":{"rendered":"<p>Vous avez un poste t\u00e9l\u00e9phonique dans une des installations du CISSSMC? Savez-vous que vous pouvez vous-m\u00eame ajouter vos coordonn\u00e9es professionnelles dans le bottin t\u00e9l\u00e9phonique qui se trouve sur l&rsquo;intranet?<\/p>\n","protected":false},"author":1,"featured_media":0,"comment_status":"open","ping_status":"closed","sticky":false,"template":"","format":"standard","meta":{"footnotes":""},"categories":[1],"tags":[],"_links":{"self":[{"href":"https:\/\/santemc.quebec\/icentre\/wp-json\/wp\/v2\/posts\/204736"}],"collection":[{"href":"https:\/\/santemc.quebec\/icentre\/wp-json\/wp\/v2\/posts"}],"about":[{"href":"https:\/\/santemc.quebec\/icentre\/wp-json\/wp\/v2\/types\/post"}],"author":[{"embeddable":true,"href":"https:\/\/santemc.quebec\/icentre\/wp-json\/wp\/v2\/users\/1"}],"replies":[{"embeddable":true,"href":"https:\/\/santemc.quebec\/icentre\/wp-json\/wp\/v2\/comments?post=204736"}],"version-history":[{"count":9,"href":"https:\/\/santemc.quebec\/icentre\/wp-json\/wp\/v2\/posts\/204736\/revisions"}],"predecessor-version":[{"id":205460,"href":"https:\/\/santemc.quebec\/icentre\/wp-json\/wp\/v2\/posts\/204736\/revisions\/205460"}],"wp:attachment":[{"href":"https:\/\/santemc.quebec\/icentre\/wp-json\/wp\/v2\/media?parent=204736"}],"wp:term":[{"taxonomy":"category","embeddable":true,"href":"https:\/\/santemc.quebec\/icentre\/wp-json\/wp\/v2\/categories?post=204736"},{"taxonomy":"post_tag","embeddable":true,"href":"https:\/\/santemc.quebec\/icentre\/wp-json\/wp\/v2\/tags?post=204736"}],"curies":[{"name":"wp","href":"https:\/\/api.w.org\/{rel}","templated":true}]}}