{"id":204831,"date":"2022-02-22T13:52:06","date_gmt":"2022-02-22T18:52:06","guid":{"rendered":"https:\/\/santemc.quebec\/icentre\/?p=204831"},"modified":"2022-02-22T13:52:06","modified_gmt":"2022-02-22T18:52:06","slug":"covid-19-mise-a-jour-de-la-foire-aux-questions-36","status":"publish","type":"post","link":"https:\/\/santemc.quebec\/icentre\/covid-19-mise-a-jour-de-la-foire-aux-questions-36\/","title":{"rendered":"COVID-19 : Mise \u00e0 jour de la Foire aux questions"},"content":{"rendered":"<p>Une pr\u00e9cision a \u00e9t\u00e9 ajout\u00e9e \u00e0 la section <a href=\"https:\/\/santemc.quebec\/icentre\/?page_id=185406#decret\">D\u00e9cret minist\u00e9riel \/ Vacances et d\u00e9placement de personnel : 5e vague<\/a><\/p>\n<p><a href=\"https:\/\/santemc.quebec\/icentre\/?page_id=185406\">Lire la Foire aux questions des employ\u00e9s<\/a><\/p>\n","protected":false},"excerpt":{"rendered":"<p>Une pr\u00e9cision a \u00e9t\u00e9 ajout\u00e9e \u00e0 la section D\u00e9cret minist\u00e9riel \/ Vacances et d\u00e9placement de personnel : 5e vague Lire la Foire aux questions des employ\u00e9s<\/p>\n","protected":false},"author":33,"featured_media":0,"comment_status":"open","ping_status":"closed","sticky":false,"template":"","format":"standard","meta":{"footnotes":""},"categories":[1],"tags":[],"_links":{"self":[{"href":"https:\/\/santemc.quebec\/icentre\/wp-json\/wp\/v2\/posts\/204831"}],"collection":[{"href":"https:\/\/santemc.quebec\/icentre\/wp-json\/wp\/v2\/posts"}],"about":[{"href":"https:\/\/santemc.quebec\/icentre\/wp-json\/wp\/v2\/types\/post"}],"author":[{"embeddable":true,"href":"https:\/\/santemc.quebec\/icentre\/wp-json\/wp\/v2\/users\/33"}],"replies":[{"embeddable":true,"href":"https:\/\/santemc.quebec\/icentre\/wp-json\/wp\/v2\/comments?post=204831"}],"version-history":[{"count":1,"href":"https:\/\/santemc.quebec\/icentre\/wp-json\/wp\/v2\/posts\/204831\/revisions"}],"predecessor-version":[{"id":204832,"href":"https:\/\/santemc.quebec\/icentre\/wp-json\/wp\/v2\/posts\/204831\/revisions\/204832"}],"wp:attachment":[{"href":"https:\/\/santemc.quebec\/icentre\/wp-json\/wp\/v2\/media?parent=204831"}],"wp:term":[{"taxonomy":"category","embeddable":true,"href":"https:\/\/santemc.quebec\/icentre\/wp-json\/wp\/v2\/categories?post=204831"},{"taxonomy":"post_tag","embeddable":true,"href":"https:\/\/santemc.quebec\/icentre\/wp-json\/wp\/v2\/tags?post=204831"}],"curies":[{"name":"wp","href":"https:\/\/api.w.org\/{rel}","templated":true}]}}