{"id":204923,"date":"2022-03-02T14:55:52","date_gmt":"2022-03-02T19:55:52","guid":{"rendered":"https:\/\/santemc.quebec\/icentre\/?p=204923"},"modified":"2022-03-02T14:55:52","modified_gmt":"2022-03-02T19:55:52","slug":"covid-19-mise-a-jour-de-la-foire-aux-questions-37","status":"publish","type":"post","link":"https:\/\/santemc.quebec\/icentre\/covid-19-mise-a-jour-de-la-foire-aux-questions-37\/","title":{"rendered":"COVID-19 : Mise \u00e0 jour de la Foire aux questions"},"content":{"rendered":"<p>De nouvelles pr\u00e9cisions ont \u00e9t\u00e9 ajout\u00e9es dans les sections suivantes :<\/p>\n<ul>\n<li><a href=\"https:\/\/santemc.quebec\/icentre\/?page_id=185406#test\">Sympt\u00f4mes, test de d\u00e9pistage, isolement et retour au travail<\/a><\/li>\n<li><a href=\"https:\/\/santemc.quebec\/icentre\/?page_id=185406#equipement\">\u00c9quipement<\/a><\/li>\n<\/ul>\n<p><a href=\"https:\/\/santemc.quebec\/icentre\/?page_id=185406\">Lire la Foire aux questions des employ\u00e9s<\/a><\/p>\n","protected":false},"excerpt":{"rendered":"<p>De nouvelles pr\u00e9cisions ont \u00e9t\u00e9 ajout\u00e9es dans les sections suivantes : Sympt\u00f4mes, test de d\u00e9pistage, isolement et retour au travail \u00c9quipement Lire la Foire aux questions des employ\u00e9s<\/p>\n","protected":false},"author":33,"featured_media":0,"comment_status":"open","ping_status":"closed","sticky":false,"template":"","format":"standard","meta":{"footnotes":""},"categories":[1],"tags":[],"_links":{"self":[{"href":"https:\/\/santemc.quebec\/icentre\/wp-json\/wp\/v2\/posts\/204923"}],"collection":[{"href":"https:\/\/santemc.quebec\/icentre\/wp-json\/wp\/v2\/posts"}],"about":[{"href":"https:\/\/santemc.quebec\/icentre\/wp-json\/wp\/v2\/types\/post"}],"author":[{"embeddable":true,"href":"https:\/\/santemc.quebec\/icentre\/wp-json\/wp\/v2\/users\/33"}],"replies":[{"embeddable":true,"href":"https:\/\/santemc.quebec\/icentre\/wp-json\/wp\/v2\/comments?post=204923"}],"version-history":[{"count":1,"href":"https:\/\/santemc.quebec\/icentre\/wp-json\/wp\/v2\/posts\/204923\/revisions"}],"predecessor-version":[{"id":204924,"href":"https:\/\/santemc.quebec\/icentre\/wp-json\/wp\/v2\/posts\/204923\/revisions\/204924"}],"wp:attachment":[{"href":"https:\/\/santemc.quebec\/icentre\/wp-json\/wp\/v2\/media?parent=204923"}],"wp:term":[{"taxonomy":"category","embeddable":true,"href":"https:\/\/santemc.quebec\/icentre\/wp-json\/wp\/v2\/categories?post=204923"},{"taxonomy":"post_tag","embeddable":true,"href":"https:\/\/santemc.quebec\/icentre\/wp-json\/wp\/v2\/tags?post=204923"}],"curies":[{"name":"wp","href":"https:\/\/api.w.org\/{rel}","templated":true}]}}