{"id":204925,"date":"2022-03-02T15:04:56","date_gmt":"2022-03-02T20:04:56","guid":{"rendered":"https:\/\/santemc.quebec\/icentre\/?p=204925"},"modified":"2022-03-02T15:04:56","modified_gmt":"2022-03-02T20:04:56","slug":"billets-gratuits-lorchestre-symphonique-de-longueuil-presente-un-concert-en-hommage-aux-travailleurs-du-reseau-de-la-sante-et-des-services-sociaux","status":"publish","type":"post","link":"https:\/\/santemc.quebec\/icentre\/billets-gratuits-lorchestre-symphonique-de-longueuil-presente-un-concert-en-hommage-aux-travailleurs-du-reseau-de-la-sante-et-des-services-sociaux\/","title":{"rendered":"BILLETS GRATUITS \u2013 L\u2019orchestre symphonique de Longueuil pr\u00e9sente un concert en hommage aux travailleurs du r\u00e9seau de la sant\u00e9 et des services sociaux"},"content":{"rendered":"<p><img decoding=\"async\" loading=\"lazy\" class=\"aligncenter size-full wp-image-204928\" src=\"https:\/\/santemc.quebec\/santemc\/icentre\/wp-content\/uploads\/2022\/03\/thumbnail_image001-1.jpg\" alt=\"\" width=\"864\" height=\"486\" srcset=\"https:\/\/santemc.quebec\/santemc\/icentre\/wp-content\/uploads\/2022\/03\/thumbnail_image001-1.jpg 864w, https:\/\/santemc.quebec\/santemc\/icentre\/wp-content\/uploads\/2022\/03\/thumbnail_image001-1-300x169.jpg 300w, https:\/\/santemc.quebec\/santemc\/icentre\/wp-content\/uploads\/2022\/03\/thumbnail_image001-1-768x432.jpg 768w, https:\/\/santemc.quebec\/santemc\/icentre\/wp-content\/uploads\/2022\/03\/thumbnail_image001-1-500x281.jpg 500w\" sizes=\"(max-width: 864px) 100vw, 864px\" \/>Afin de souligner les efforts extraordinaires, la mobilisation, le courage et le d\u00e9vouement des employ\u00e9s du r\u00e9seau de la sant\u00e9 et des services sociaux, l\u2019Orchestre symphonique de Longueuil (OSL) tiendra, le 12 mars prochain, un concert sp\u00e9cialement d\u00e9di\u00e9 aux travailleurs de la sant\u00e9. Deux repr\u00e9sentations seront offertes, \u00e0 14 h 30 et \u00e0 20 h, \u00e0 la salle Pratt et Whitney Canada du Th\u00e9\u00e2tre de la Ville de Longueuil. Ce concert se veut un message d\u2019espoir, une lumi\u00e8re culturelle qui vous r\u00e9chauffera, avec l\u2019orchestration des Dubois, Charlebois, Piaf, Aznavour et compagnie, tout cela sous la direction du chef Alexandre Da Costa.<\/p>\n<p>Dans ce contexte, l\u2019OSL est heureuse d\u2019offrir des paires de billets gratuits aux employ\u00e9s du CISSS de la Mont\u00e9r\u00e9gie-Centre. \u00c9tant limit\u00e9s, les billets sont disponibles d\u00e8s maintenant, sur le principe du premier arriv\u00e9, premier servi.<\/p>\n<p><!--more--><\/p>\n<p><strong>Comment obtenir une paire de billets?<\/strong><\/p>\n<p>Si vous souhaitez recevoir deux billets gratuits pour l\u2019une des deux repr\u00e9sentations, vous devez\u00a0:<\/p>\n<ol>\n<li>Transmettre un courriel signifiant votre int\u00e9r\u00eat \u00e0 l\u2019adresse <a href=\"mailto:cgauthier@osdl.ca\">cgauthier@osdl.ca<\/a>, id\u00e9alement avant le 5 mars 2022;<\/li>\n<li>Indiquer dans ce courriel la repr\u00e9sentation \u00e0 laquelle vous souhaitez assister (14 h 30 ou 20 h).<\/li>\n<li>Indiquer votre CISSS de travail soit le CISSS de la Mont\u00e9r\u00e9gie-Centre.<\/li>\n<\/ol>\n<p>Sur r\u00e9ception du courriel, un repr\u00e9sentant de l\u2019OSL vous acheminera par courriel vos deux billets. La distribution des billets gratuits se fera au fur et \u00e0 mesure des demandes re\u00e7ues jusqu\u2019\u00e0 \u00e9puisement du nombre de billets r\u00e9serv\u00e9s pour le CISSS de la Mont\u00e9r\u00e9gie-Centre.<\/p>\n<p>En terminant, voici les consignes sanitaires qui seront en vigueur au moment des repr\u00e9sentations, le 12 mars prochain\u00a0:<\/p>\n<ul>\n<li>Pr\u00e9sentation du passeport vaccinal.<\/li>\n<li>Carte d\u2019identit\u00e9 avec photo si possible.<\/li>\n<li>Port du masque ou couvre-visage tout au long du concert.<\/li>\n<\/ul>\n<p>Bon spectacle!<\/p>\n<p>&nbsp;<\/p>\n<p>&nbsp;<\/p>\n","protected":false},"excerpt":{"rendered":"<p>Afin de souligner les efforts extraordinaires, la mobilisation, le courage et le d\u00e9vouement des employ\u00e9s du r\u00e9seau de la sant\u00e9 et des services sociaux, l\u2019Orchestre symphonique de Longueuil (OSL) tiendra, le 12 mars prochain, un concert sp\u00e9cialement d\u00e9di\u00e9 aux travailleurs &hellip; <a href=\"https:\/\/santemc.quebec\/icentre\/billets-gratuits-lorchestre-symphonique-de-longueuil-presente-un-concert-en-hommage-aux-travailleurs-du-reseau-de-la-sante-et-des-services-sociaux\/\">Continuer la lecture <span class=\"meta-nav\">&rarr;<\/span><\/a><\/p>\n","protected":false},"author":1,"featured_media":0,"comment_status":"open","ping_status":"closed","sticky":false,"template":"","format":"standard","meta":{"footnotes":""},"categories":[1],"tags":[],"_links":{"self":[{"href":"https:\/\/santemc.quebec\/icentre\/wp-json\/wp\/v2\/posts\/204925"}],"collection":[{"href":"https:\/\/santemc.quebec\/icentre\/wp-json\/wp\/v2\/posts"}],"about":[{"href":"https:\/\/santemc.quebec\/icentre\/wp-json\/wp\/v2\/types\/post"}],"author":[{"embeddable":true,"href":"https:\/\/santemc.quebec\/icentre\/wp-json\/wp\/v2\/users\/1"}],"replies":[{"embeddable":true,"href":"https:\/\/santemc.quebec\/icentre\/wp-json\/wp\/v2\/comments?post=204925"}],"version-history":[{"count":2,"href":"https:\/\/santemc.quebec\/icentre\/wp-json\/wp\/v2\/posts\/204925\/revisions"}],"predecessor-version":[{"id":204929,"href":"https:\/\/santemc.quebec\/icentre\/wp-json\/wp\/v2\/posts\/204925\/revisions\/204929"}],"wp:attachment":[{"href":"https:\/\/santemc.quebec\/icentre\/wp-json\/wp\/v2\/media?parent=204925"}],"wp:term":[{"taxonomy":"category","embeddable":true,"href":"https:\/\/santemc.quebec\/icentre\/wp-json\/wp\/v2\/categories?post=204925"},{"taxonomy":"post_tag","embeddable":true,"href":"https:\/\/santemc.quebec\/icentre\/wp-json\/wp\/v2\/tags?post=204925"}],"curies":[{"name":"wp","href":"https:\/\/api.w.org\/{rel}","templated":true}]}}