{"id":205057,"date":"2022-03-10T08:59:05","date_gmt":"2022-03-10T13:59:05","guid":{"rendered":"https:\/\/santemc.quebec\/icentre\/?p=205057"},"modified":"2022-03-10T10:33:40","modified_gmt":"2022-03-10T15:33:40","slug":"commandez-la-version-imprimee-de-la-trousse-de-deuil","status":"publish","type":"post","link":"https:\/\/santemc.quebec\/icentre\/commandez-la-version-imprimee-de-la-trousse-de-deuil\/","title":{"rendered":"Trousse de deuil en version \u00e9lectronique"},"content":{"rendered":"<p>Tel qu\u2019annonc\u00e9 en d\u00e9cembre dernier, une nouvelle trousse de deuil a \u00e9t\u00e9 \u00e9labor\u00e9e par le CISSS de la Mont\u00e9r\u00e9gie-Centre avec la collaboration de plusieurs partenaires.<\/p>\n<p><!--more--><\/p>\n<p>Vous pouvez maintenant <a href=\"https:\/\/santemc.quebec\/santemc\/icentre\/wp-content\/uploads\/2022\/03\/TrousseDeuil_CISSS-MC_Interactif-1-1-1.pdf\" target=\"_blank\" rel=\"noopener\">t\u00e9l\u00e9charger<\/a> la version \u00e9lectronique ou consulter le contenu accessible en ligne \u00e0 : <a href=\"https:\/\/www.santemonteregie.qc.ca\/centre\/deuil\" target=\"_blank\" rel=\"noopener\">https:\/\/www.santemonteregie.qc.ca\/centre\/deuil<\/a>.<\/p>\n<p>Les directions et services pourront se procurer des exemplaires imprim\u00e9s de la trousse de deuil et de la carte de sympathie, aupr\u00e8s de Repro+, le service de reprographie du CISSSMC.<\/p>\n<p>Rappelons que ce nouvel outil vise \u00e0 soutenir les personnes endeuill\u00e9es et \u00e0 guider les proches sur divers aspects du deuil, notamment :<\/p>\n<ul>\n<li>Les r\u00e9actions face au deuil<\/li>\n<li>Les actions qui peuvent faciliter le cheminement du processus de deuil<\/li>\n<li>Les ressources disponibles pour obtenir du soutien<\/li>\n<li>De quelle fa\u00e7on accompagner un enfant ou un jeune en deuil<\/li>\n<li>Les services de soutien offerts par le CISSS de la Mont\u00e9r\u00e9gie<\/li>\n<\/ul>\n<p>&nbsp;<\/p>\n<p>&nbsp;<\/p>\n<p>&nbsp;<\/p>\n","protected":false},"excerpt":{"rendered":"<p>Tel qu\u2019annonc\u00e9 en d\u00e9cembre dernier, une nouvelle trousse de deuil a \u00e9t\u00e9 \u00e9labor\u00e9e par le CISSS de la Mont\u00e9r\u00e9gie-Centre avec la collaboration de plusieurs partenaires.<\/p>\n","protected":false},"author":9,"featured_media":0,"comment_status":"open","ping_status":"closed","sticky":false,"template":"","format":"standard","meta":{"footnotes":""},"categories":[1],"tags":[],"_links":{"self":[{"href":"https:\/\/santemc.quebec\/icentre\/wp-json\/wp\/v2\/posts\/205057"}],"collection":[{"href":"https:\/\/santemc.quebec\/icentre\/wp-json\/wp\/v2\/posts"}],"about":[{"href":"https:\/\/santemc.quebec\/icentre\/wp-json\/wp\/v2\/types\/post"}],"author":[{"embeddable":true,"href":"https:\/\/santemc.quebec\/icentre\/wp-json\/wp\/v2\/users\/9"}],"replies":[{"embeddable":true,"href":"https:\/\/santemc.quebec\/icentre\/wp-json\/wp\/v2\/comments?post=205057"}],"version-history":[{"count":12,"href":"https:\/\/santemc.quebec\/icentre\/wp-json\/wp\/v2\/posts\/205057\/revisions"}],"predecessor-version":[{"id":205097,"href":"https:\/\/santemc.quebec\/icentre\/wp-json\/wp\/v2\/posts\/205057\/revisions\/205097"}],"wp:attachment":[{"href":"https:\/\/santemc.quebec\/icentre\/wp-json\/wp\/v2\/media?parent=205057"}],"wp:term":[{"taxonomy":"category","embeddable":true,"href":"https:\/\/santemc.quebec\/icentre\/wp-json\/wp\/v2\/categories?post=205057"},{"taxonomy":"post_tag","embeddable":true,"href":"https:\/\/santemc.quebec\/icentre\/wp-json\/wp\/v2\/tags?post=205057"}],"curies":[{"name":"wp","href":"https:\/\/api.w.org\/{rel}","templated":true}]}}