{"id":205115,"date":"2022-03-10T09:24:01","date_gmt":"2022-03-10T14:24:01","guid":{"rendered":"https:\/\/santemc.quebec\/icentre\/?p=205115"},"modified":"2022-03-10T16:22:35","modified_gmt":"2022-03-10T21:22:35","slug":"bulletin-periscope-pres-dun-monteregien-sur-six-est-fortement-derange-par-le-bruit-copy-copy-copy-copy-copy-copy-copy-copy-copy-copy-copy-copy-copy-copy-copy-copy-copy-copy-copy-copy-copy-copy-copy-4","status":"publish","type":"post","link":"https:\/\/santemc.quebec\/icentre\/bulletin-periscope-pres-dun-monteregien-sur-six-est-fortement-derange-par-le-bruit-copy-copy-copy-copy-copy-copy-copy-copy-copy-copy-copy-copy-copy-copy-copy-copy-copy-copy-copy-copy-copy-copy-copy-4\/","title":{"rendered":"Bulletin P\u00e9riscope &#8211; Plus de 75 000 Mont\u00e9r\u00e9giens souffrent d&rsquo;ins\u00e9curit\u00e9 alimentaire"},"content":{"rendered":"<p><img decoding=\"async\" loading=\"lazy\" class=\"aligncenter wp-image-2877 size-full\" src=\"http:\/\/santemc.quebec\/santemc\/icentre\/wp-content\/uploads\/2016\/09\/periscope.png\" alt=\"periscope\" width=\"789\" height=\"163\" srcset=\"https:\/\/santemc.quebec\/santemc\/icentre\/wp-content\/uploads\/2016\/09\/periscope.png 789w, https:\/\/santemc.quebec\/santemc\/icentre\/wp-content\/uploads\/2016\/09\/periscope-300x62.png 300w, https:\/\/santemc.quebec\/santemc\/icentre\/wp-content\/uploads\/2016\/09\/periscope-768x159.png 768w, https:\/\/santemc.quebec\/santemc\/icentre\/wp-content\/uploads\/2016\/09\/periscope-500x103.png 500w\" sizes=\"(max-width: 789px) 100vw, 789px\" \/><\/p>\n<p>En 2017-2018, plus de 75 000 Mont\u00e9r\u00e9giens \u00e2g\u00e9s de 12 ans et plus \u00e9taient en ins\u00e9curit\u00e9 alimentaire (IA). Celle-ci se d\u00e9finit comme un acc\u00e8s inad\u00e9quat ou incertain \u00e0 des aliments sains et nutritifs en raison d&rsquo;un manque de ressources financi\u00e8res. Tel qu&rsquo;en t\u00e9moignent les plus r\u00e9centes donn\u00e9es sur le sujet, la pr\u00e9valence de l&rsquo;ins\u00e9curit\u00e9 alimentaire s&rsquo;est accrue durant la pand\u00e9mie. L&rsquo;ins\u00e9curit\u00e9 alimentaire peut avoir des cons\u00e9quences graves sur la sant\u00e9 mentale et physique des personnes qui en souffrent.<\/p>\n<p><!--more--><\/p>\n<p>Pour en savoir davantage sur le sujet, vous \u00eates invit\u00e9s \u00e0 consulter le <a href=\"https:\/\/santemc.quebec\/santemc\/icentre\/wp-content\/uploads\/2022\/03\/VF_Periscope_IA_2022.pdf\" target=\"_blank\" rel=\"noopener\">num\u00e9ro suivant<\/a>\u00a0du bulletin P\u00e9riscope.<\/p>\n<p>Bonne lecture!<\/p>\n<p>&nbsp;<\/p>\n","protected":false},"excerpt":{"rendered":"<p>En 2017-2018, plus de 75 000 Mont\u00e9r\u00e9giens \u00e2g\u00e9s de 12 ans et plus \u00e9taient en ins\u00e9curit\u00e9 alimentaire (IA). Celle-ci se d\u00e9finit comme un acc\u00e8s inad\u00e9quat ou incertain \u00e0 des aliments sains et nutritifs en raison d&rsquo;un manque de ressources financi\u00e8res. &hellip; <a href=\"https:\/\/santemc.quebec\/icentre\/bulletin-periscope-pres-dun-monteregien-sur-six-est-fortement-derange-par-le-bruit-copy-copy-copy-copy-copy-copy-copy-copy-copy-copy-copy-copy-copy-copy-copy-copy-copy-copy-copy-copy-copy-copy-copy-4\/\">Continuer la lecture <span class=\"meta-nav\">&rarr;<\/span><\/a><\/p>\n","protected":false},"author":1,"featured_media":0,"comment_status":"open","ping_status":"closed","sticky":false,"template":"","format":"standard","meta":{"footnotes":""},"categories":[1],"tags":[44],"_links":{"self":[{"href":"https:\/\/santemc.quebec\/icentre\/wp-json\/wp\/v2\/posts\/205115"}],"collection":[{"href":"https:\/\/santemc.quebec\/icentre\/wp-json\/wp\/v2\/posts"}],"about":[{"href":"https:\/\/santemc.quebec\/icentre\/wp-json\/wp\/v2\/types\/post"}],"author":[{"embeddable":true,"href":"https:\/\/santemc.quebec\/icentre\/wp-json\/wp\/v2\/users\/1"}],"replies":[{"embeddable":true,"href":"https:\/\/santemc.quebec\/icentre\/wp-json\/wp\/v2\/comments?post=205115"}],"version-history":[{"count":2,"href":"https:\/\/santemc.quebec\/icentre\/wp-json\/wp\/v2\/posts\/205115\/revisions"}],"predecessor-version":[{"id":205118,"href":"https:\/\/santemc.quebec\/icentre\/wp-json\/wp\/v2\/posts\/205115\/revisions\/205118"}],"wp:attachment":[{"href":"https:\/\/santemc.quebec\/icentre\/wp-json\/wp\/v2\/media?parent=205115"}],"wp:term":[{"taxonomy":"category","embeddable":true,"href":"https:\/\/santemc.quebec\/icentre\/wp-json\/wp\/v2\/categories?post=205115"},{"taxonomy":"post_tag","embeddable":true,"href":"https:\/\/santemc.quebec\/icentre\/wp-json\/wp\/v2\/tags?post=205115"}],"curies":[{"name":"wp","href":"https:\/\/api.w.org\/{rel}","templated":true}]}}