{"id":205205,"date":"2022-03-16T11:16:18","date_gmt":"2022-03-16T15:16:18","guid":{"rendered":"https:\/\/santemc.quebec\/icentre\/?p=205205"},"modified":"2022-03-16T11:16:18","modified_gmt":"2022-03-16T15:16:18","slug":"maintien-de-certaines-mesures-incitatives-prevues-a-larrete-ministeriel-2021-085","status":"publish","type":"post","link":"https:\/\/santemc.quebec\/icentre\/maintien-de-certaines-mesures-incitatives-prevues-a-larrete-ministeriel-2021-085\/","title":{"rendered":"Maintien de certaines mesures incitatives pr\u00e9vues \u00e0 l\u2019arr\u00eat\u00e9 minist\u00e9riel 2021-085"},"content":{"rendered":"<p><a href=\"https:\/\/santemc.quebec\/santemc\/icentre\/wp-content\/uploads\/2022\/03\/2022-03-16_NS_maintien_mesures_incitatives_categorie_1.pdf\" target=\"_blank\" rel=\"noopener\">Lire la note de service<\/a><\/p>\n<p>&nbsp;<\/p>\n","protected":false},"excerpt":{"rendered":"<p>Lire la note de service &nbsp;<\/p>\n","protected":false},"author":1,"featured_media":0,"comment_status":"open","ping_status":"closed","sticky":false,"template":"","format":"standard","meta":{"footnotes":""},"categories":[1],"tags":[],"_links":{"self":[{"href":"https:\/\/santemc.quebec\/icentre\/wp-json\/wp\/v2\/posts\/205205"}],"collection":[{"href":"https:\/\/santemc.quebec\/icentre\/wp-json\/wp\/v2\/posts"}],"about":[{"href":"https:\/\/santemc.quebec\/icentre\/wp-json\/wp\/v2\/types\/post"}],"author":[{"embeddable":true,"href":"https:\/\/santemc.quebec\/icentre\/wp-json\/wp\/v2\/users\/1"}],"replies":[{"embeddable":true,"href":"https:\/\/santemc.quebec\/icentre\/wp-json\/wp\/v2\/comments?post=205205"}],"version-history":[{"count":1,"href":"https:\/\/santemc.quebec\/icentre\/wp-json\/wp\/v2\/posts\/205205\/revisions"}],"predecessor-version":[{"id":205206,"href":"https:\/\/santemc.quebec\/icentre\/wp-json\/wp\/v2\/posts\/205205\/revisions\/205206"}],"wp:attachment":[{"href":"https:\/\/santemc.quebec\/icentre\/wp-json\/wp\/v2\/media?parent=205205"}],"wp:term":[{"taxonomy":"category","embeddable":true,"href":"https:\/\/santemc.quebec\/icentre\/wp-json\/wp\/v2\/categories?post=205205"},{"taxonomy":"post_tag","embeddable":true,"href":"https:\/\/santemc.quebec\/icentre\/wp-json\/wp\/v2\/tags?post=205205"}],"curies":[{"name":"wp","href":"https:\/\/api.w.org\/{rel}","templated":true}]}}