{"id":205280,"date":"2022-03-21T16:15:37","date_gmt":"2022-03-21T20:15:37","guid":{"rendered":"https:\/\/santemc.quebec\/icentre\/?p=205280"},"modified":"2022-03-21T16:26:30","modified_gmt":"2022-03-21T20:26:30","slug":"le-gouvernement-autorise-limplantation-dun-nouveau-centre-mere-enfant-a-lhopital-du-haut-richelieu","status":"publish","type":"post","link":"https:\/\/santemc.quebec\/icentre\/le-gouvernement-autorise-limplantation-dun-nouveau-centre-mere-enfant-a-lhopital-du-haut-richelieu\/","title":{"rendered":"Le gouvernement autorise l\u2019implantation d\u2019un nouveau centre m\u00e8re-enfant \u00e0 l\u2019H\u00f4pital du Haut-Richelieu"},"content":{"rendered":"<div style=\"width: 310px\" class=\"wp-caption alignleft\"><a href=\"https:\/\/www.santemonteregie.qc.ca\/sites\/default\/files\/inline-images\/HHR210322-01H.jpg\"><img decoding=\"async\" src=\"https:\/\/www.santemonteregie.qc.ca\/sites\/default\/files\/inline-images\/HHR210322-01H.jpg\" alt=\"Photo\" width=\"300\" data-entity-type=\"file\" data-entity-uuid=\"62f05409-87c6-4657-84d7-80980db86eec\" \/><\/a><p class=\"wp-caption-text\">Sur la photo, on reconna\u00eet le d\u00e9put\u00e9 de Saint-Jean Louis Lemieux, le ministre d\u00e9l\u00e9gu\u00e9 \u00e0 la Sant\u00e9 et aux Services sociaux Lionel Carmant, le PDG du CISSS de la Mont\u00e9r\u00e9gie-Centre Richard Deschamps et Douglas W. Clarke, pr\u00e9sident du conseil d\u2019administration de la Fondation Sant\u00e9.<\/p><\/div>\n<p><em>Communiqu\u00e9 de presse diffus\u00e9 aujourd&rsquo;hui<\/em><\/p>\n<p>Le ministre d\u00e9l\u00e9gu\u00e9 \u00e0 la Sant\u00e9 et aux Services sociaux, Lionel Carmant, et le d\u00e9put\u00e9 de Saint-Jean, Louis Lemieux, sont heureux d\u2019annoncer que le gouvernement a autoris\u00e9 la r\u00e9alisation du projet d\u2019am\u00e9nagement du centre m\u00e8re-enfant (CME) de l\u2019H\u00f4pital du Haut-Richelieu. Le d\u00e9but des travaux est pr\u00e9vu pour juin 2022.<!--more--><\/p>\n<p>Plus pr\u00e9cis\u00e9ment, le projet consiste \u00e0 am\u00e9nager un espace actuellement vacant au troisi\u00e8me \u00e9tage du nouveau pavillon de l&rsquo;H\u00f4pital du Haut-Richelieu. On y trouvera le CME d\u2019une superficie de plus de 1\u00a0700\u00a0m<sup>2<\/sup>, ainsi qu\u2019un laboratoire associ\u00e9 de biologie m\u00e9dicale, la clinique de grossesse \u00e0 risque (GARE) et des espaces de bureaux et espaces publics pour une superficie additionnelle de 1\u00a0500\u00a0m<sup>2<\/sup>.<\/p>\n<p>Le projet permettra de rem\u00e9dier \u00e0 plusieurs lacunes actuelles du service de p\u00e9rinatalit\u00e9, notamment la v\u00e9tust\u00e9 et l\u2019\u00e9troitesse des lieux. Il offrira un environnement accueillant et plus fonctionnel, tant pour les usagers que pour le personnel.<\/p>\n<p><strong>Citations\u00a0:<\/strong><\/p>\n<p>\u00ab\u00a0La r\u00e9alisation de ce projet est une excellente nouvelle qui t\u00e9moigne de la volont\u00e9 de notre gouvernement \u00e0 fournir les meilleures infrastructures de sant\u00e9 possibles et \u00e0 soutenir les initiatives qui ont un impact concret sur la qualit\u00e9 des soins et des services offerts \u00e0 la population, notamment pour les jeunes familles. Celles-ci pourront b\u00e9n\u00e9ficier d\u2019un environnement beaucoup mieux adapt\u00e9, moderne et r\u00e9pondant aux plus r\u00e9centes normes de qualit\u00e9.\u00a0\u00bb<\/p>\n<p><em>Lionel Carmant, ministre d\u00e9l\u00e9gu\u00e9 \u00e0 la Sant\u00e9 et aux Services sociaux<\/em><\/p>\n<p>&nbsp;<\/p>\n<p>\u00ab\u00a0Je suis fier que notre gouvernement appuie la r\u00e9alisation de ce projet important \u00e0 l\u2019H\u00f4pital du Haut-Richelieu. Les nouveaux locaux permettront d\u2019offrir aux usagers, notamment les nouvelles familles, un environnement de soins plus moderne, vaste et lumineux. Je remercie toutes les \u00e9quipes qui travailleront \u00e0 la r\u00e9alisation de ce beau projet au cours des prochains mois, et je suivrai les prochaines \u00e9tapes avec beaucoup d\u2019int\u00e9r\u00eat.\u00a0\u00bb<\/p>\n<p><em>Louis Lemieux, d\u00e9put\u00e9 de Saint-Jean<\/em><\/p>\n<p>&nbsp;<\/p>\n<p><strong>Faits saillants\u00a0:<\/strong><\/p>\n<ul>\n<li>Le co\u00fbt total du projet est estim\u00e9 \u00e0 28,8 millions\u00a0$, incluant une contribution de la Fondation Sant\u00e9 \u00e0 la hauteur de 5\u00a0millions\u00a0$.<\/li>\n<li>La Soci\u00e9t\u00e9 qu\u00e9b\u00e9coise des infrastructures (SQI) agit comme gestionnaire du projet.<\/li>\n<\/ul>\n<p>&nbsp;<\/p>\n","protected":false},"excerpt":{"rendered":"<p>Communiqu\u00e9 de presse diffus\u00e9 aujourd&rsquo;hui Le ministre d\u00e9l\u00e9gu\u00e9 \u00e0 la Sant\u00e9 et aux Services sociaux, Lionel Carmant, et le d\u00e9put\u00e9 de Saint-Jean, Louis Lemieux, sont heureux d\u2019annoncer que le gouvernement a autoris\u00e9 la r\u00e9alisation du projet d\u2019am\u00e9nagement du centre m\u00e8re-enfant &hellip; <a href=\"https:\/\/santemc.quebec\/icentre\/le-gouvernement-autorise-limplantation-dun-nouveau-centre-mere-enfant-a-lhopital-du-haut-richelieu\/\">Continuer la lecture <span class=\"meta-nav\">&rarr;<\/span><\/a><\/p>\n","protected":false},"author":1,"featured_media":0,"comment_status":"open","ping_status":"closed","sticky":false,"template":"","format":"standard","meta":{"footnotes":""},"categories":[1],"tags":[],"_links":{"self":[{"href":"https:\/\/santemc.quebec\/icentre\/wp-json\/wp\/v2\/posts\/205280"}],"collection":[{"href":"https:\/\/santemc.quebec\/icentre\/wp-json\/wp\/v2\/posts"}],"about":[{"href":"https:\/\/santemc.quebec\/icentre\/wp-json\/wp\/v2\/types\/post"}],"author":[{"embeddable":true,"href":"https:\/\/santemc.quebec\/icentre\/wp-json\/wp\/v2\/users\/1"}],"replies":[{"embeddable":true,"href":"https:\/\/santemc.quebec\/icentre\/wp-json\/wp\/v2\/comments?post=205280"}],"version-history":[{"count":5,"href":"https:\/\/santemc.quebec\/icentre\/wp-json\/wp\/v2\/posts\/205280\/revisions"}],"predecessor-version":[{"id":205289,"href":"https:\/\/santemc.quebec\/icentre\/wp-json\/wp\/v2\/posts\/205280\/revisions\/205289"}],"wp:attachment":[{"href":"https:\/\/santemc.quebec\/icentre\/wp-json\/wp\/v2\/media?parent=205280"}],"wp:term":[{"taxonomy":"category","embeddable":true,"href":"https:\/\/santemc.quebec\/icentre\/wp-json\/wp\/v2\/categories?post=205280"},{"taxonomy":"post_tag","embeddable":true,"href":"https:\/\/santemc.quebec\/icentre\/wp-json\/wp\/v2\/tags?post=205280"}],"curies":[{"name":"wp","href":"https:\/\/api.w.org\/{rel}","templated":true}]}}