{"id":205308,"date":"2022-03-25T09:41:08","date_gmt":"2022-03-25T13:41:08","guid":{"rendered":"https:\/\/santemc.quebec\/icentre\/?p=205308"},"modified":"2022-03-25T10:20:55","modified_gmt":"2022-03-25T14:20:55","slug":"le-cisssmc-compte-356-travailleurs-sociaux","status":"publish","type":"post","link":"https:\/\/santemc.quebec\/icentre\/le-cisssmc-compte-356-travailleurs-sociaux\/","title":{"rendered":"Le CISSSMC compte 356 travailleurs sociaux!"},"content":{"rendered":"<p><img decoding=\"async\" loading=\"lazy\" class=\"aligncenter size-large wp-image-205324\" src=\"https:\/\/santemc.quebec\/santemc\/icentre\/wp-content\/uploads\/2022\/03\/travailleurs-sociaux-1024x536.png\" alt=\"\" width=\"584\" height=\"306\" srcset=\"https:\/\/santemc.quebec\/santemc\/icentre\/wp-content\/uploads\/2022\/03\/travailleurs-sociaux-1024x536.png 1024w, https:\/\/santemc.quebec\/santemc\/icentre\/wp-content\/uploads\/2022\/03\/travailleurs-sociaux-300x157.png 300w, https:\/\/santemc.quebec\/santemc\/icentre\/wp-content\/uploads\/2022\/03\/travailleurs-sociaux-768x402.png 768w, https:\/\/santemc.quebec\/santemc\/icentre\/wp-content\/uploads\/2022\/03\/travailleurs-sociaux-1536x804.png 1536w, https:\/\/santemc.quebec\/santemc\/icentre\/wp-content\/uploads\/2022\/03\/travailleurs-sociaux-2048x1072.png 2048w, https:\/\/santemc.quebec\/santemc\/icentre\/wp-content\/uploads\/2022\/03\/travailleurs-sociaux-500x262.png 500w\" sizes=\"(max-width: 584px) 100vw, 584px\" \/><\/p>\n<p>Dans le cadre de la Semaine des travailleurs sociaux, qui se d\u00e9roule du 20-27 mars 2022, sous le th\u00e8me <a href=\"https:\/\/www1.otstcfq.org\/l-ordre\/evenements-et-campagnes\/semaine-des-travailleurs-sociaux\" target=\"_blank\" rel=\"noopener\">le travail social exprime ses couleurs<\/a>, le CISSS de la Mont\u00e9r\u00e9gie-Centre souhaite souligner l\u2019engagement de ses <strong>356 travailleurs sociaux<\/strong>.<!--more--><\/p>\n<p>Actifs dans plusieurs secteurs de l\u2019organisation, ils sont des professionnels de premi\u00e8re ligne qui interviennent chaque jour aupr\u00e8s des usagers et des familles dans des contextes divers.<\/p>\n<p><strong>En quoi consiste le travail des travailleurs sociaux au CISSSMC?<br \/>\n<\/strong>Nous avons \u00e9chang\u00e9 avec des personnes de quelques directions pour conna\u00eetre l\u2019\u00e9tendue des milieux dans lesquels ils sont impliqu\u00e9s et aupr\u00e8s de quels types de client\u00e8les ils interviennent au sein m\u00eame de notre \u00e9tablissement.<\/p>\n<p><strong>Direction des services de soutien \u00e0 domicile<br \/>\n<\/strong>La Direction des services de soutien \u00e0 domicile compte sur l\u2019engagement de <strong>72 travailleurs sociaux<\/strong> qui interviennent notamment dans les deux <strong>h\u00f4pitaux de jour en g\u00e9riatrique<\/strong>, situ\u00e9s \u00e0 <a href=\"https:\/\/www.santemonteregie.qc.ca\/installations\/centre-saint-lambert\" target=\"_blank\" rel=\"noopener\">Saint-Lambert<\/a> et \u00e0 <a href=\"https:\/\/www.santemonteregie.qc.ca\/installations\/chsld-gertrude-lafrance\" target=\"_blank\" rel=\"noopener\">Saint-Jean-sur-Richelieu.<\/a> Ils offrent aux personnes \u00e2g\u00e9es et aux adultes en perte d\u2019autonomie des activit\u00e9s pr\u00e9ventives et th\u00e9rapeutiques en groupe. Les activit\u00e9s visent \u00e0 aider les personnes \u00e0 maintenir leurs habilet\u00e9s physiques, cognitives et sociales, \u00e0 conserver une bonne sant\u00e9 ainsi qu\u2019un niveau d\u2019autonomie optimal pour favoriser leur maintien \u00e0 domicile.<\/p>\n<p>Le r\u00f4le des travailleurs sociaux dans ce secteur consiste \u00e0 collaborer avec l\u2019\u00e9quipe multidisciplinaire \u00e0 l\u2019\u00e9valuation des troubles neurocognitifs des usagers. De plus, ils peuvent \u00eatre appel\u00e9s \u00e0 soutenir les intervenants dans leurs interventions aupr\u00e8s de la client\u00e8le commune.<\/p>\n<table>\n<tbody>\n<tr>\n<td>\n<p><div id=\"attachment_205317\" style=\"width: 235px\" class=\"wp-caption alignnone\"><a href=\"https:\/\/santemc.quebec\/santemc\/icentre\/wp-content\/uploads\/2022\/03\/photo-Catherine-Lesperance.jpg\"><img aria-describedby=\"caption-attachment-205317\" decoding=\"async\" loading=\"lazy\" class=\"wp-image-205317 size-medium\" src=\"https:\/\/santemc.quebec\/santemc\/icentre\/wp-content\/uploads\/2022\/03\/photo-Catherine-Lesperance-225x300.jpg\" alt=\"\" width=\"225\" height=\"300\" srcset=\"https:\/\/santemc.quebec\/santemc\/icentre\/wp-content\/uploads\/2022\/03\/photo-Catherine-Lesperance-225x300.jpg 225w, https:\/\/santemc.quebec\/santemc\/icentre\/wp-content\/uploads\/2022\/03\/photo-Catherine-Lesperance-768x1024.jpg 768w, https:\/\/santemc.quebec\/santemc\/icentre\/wp-content\/uploads\/2022\/03\/photo-Catherine-Lesperance.jpg 960w\" sizes=\"(max-width: 225px) 100vw, 225px\" \/><\/a><p id=\"caption-attachment-205317\" class=\"wp-caption-text\">Catherine Lesp\u00e9rance, travailleuse sociale au Centre Saint-Lambert. Elle travaille \u00e0 l\u2019h\u00f4pital de jour en g\u00e9riatrie et \u00e0 l\u2019unit\u00e9 de r\u00e9adaptation.<\/p><\/div><\/td>\n<td>\n<p><div id=\"attachment_205310\" style=\"width: 240px\" class=\"wp-caption alignnone\"><a href=\"https:\/\/santemc.quebec\/santemc\/icentre\/wp-content\/uploads\/2022\/03\/Photo_Pascalethibodeau-scaled.jpg\"><img aria-describedby=\"caption-attachment-205310\" decoding=\"async\" loading=\"lazy\" class=\"wp-image-205310\" src=\"https:\/\/santemc.quebec\/santemc\/icentre\/wp-content\/uploads\/2022\/03\/Photo_Pascalethibodeau-260x300.jpg\" alt=\"\" width=\"230\" height=\"263\" \/><\/a><p id=\"caption-attachment-205310\" class=\"wp-caption-text\">Pascale Thibodeau, travailleuse sociale et coordonnatrice des \u00e9quipes \u00e0 l\u2019h\u00f4pital de jour et au centre de jour g\u00e9riatrique.<\/p><\/div><\/td>\n<\/tr>\n<\/tbody>\n<\/table>\n<p>Les travailleurs sociaux sont \u00e9galement actifs et impliqu\u00e9s dans les CLSC, sous la Direction des services de soutien \u00e0 domicile. Durant la pand\u00e9mie de la COVID-19, ils ont \u00e9t\u00e9 mis \u00e0 contribution \u00e0 plusieurs \u00e9gards, par exemple : plusieurs ont pr\u00eat\u00e9 main-forte dans les CHSLD \u00e0 titre d\u2019aides de service. Leur pr\u00e9sence soutenue dans les RPA a permis d&rsquo;apporter le soutien psychosocial aux usagers, r\u00e9sidents et familles afin de briser l&rsquo;isolement, diminuer la d\u00e9tresse et offrir des services et soins en soutien au personnel en RPA.<\/p>\n<div id=\"attachment_205315\" style=\"width: 310px\" class=\"wp-caption aligncenter\"><a href=\"https:\/\/santemc.quebec\/santemc\/icentre\/wp-content\/uploads\/2022\/03\/Photo_Icentre_CLSCRichelieu.jpg\"><img aria-describedby=\"caption-attachment-205315\" decoding=\"async\" loading=\"lazy\" class=\"wp-image-205315 size-medium\" src=\"https:\/\/santemc.quebec\/santemc\/icentre\/wp-content\/uploads\/2022\/03\/Photo_Icentre_CLSCRichelieu-300x212.jpg\" alt=\"\" width=\"300\" height=\"212\" srcset=\"https:\/\/santemc.quebec\/santemc\/icentre\/wp-content\/uploads\/2022\/03\/Photo_Icentre_CLSCRichelieu-300x212.jpg 300w, https:\/\/santemc.quebec\/santemc\/icentre\/wp-content\/uploads\/2022\/03\/Photo_Icentre_CLSCRichelieu-1024x725.jpg 1024w, https:\/\/santemc.quebec\/santemc\/icentre\/wp-content\/uploads\/2022\/03\/Photo_Icentre_CLSCRichelieu-768x544.jpg 768w, https:\/\/santemc.quebec\/santemc\/icentre\/wp-content\/uploads\/2022\/03\/Photo_Icentre_CLSCRichelieu-424x300.jpg 424w, https:\/\/santemc.quebec\/santemc\/icentre\/wp-content\/uploads\/2022\/03\/Photo_Icentre_CLSCRichelieu.jpg 1280w\" sizes=\"(max-width: 300px) 100vw, 300px\" \/><\/a><p id=\"caption-attachment-205315\" class=\"wp-caption-text\">Travailleuses sociales des Services de soutien \u00e0 domicile du CLSC du Richelieu\u00a0: Annick Viens, Am\u00e9lie Cournoyer, Sandrine Gu\u00e9rin, Caroline Bourgault, Lylie Presseau, No\u00e9mie Perron et Cynthia Mailloux.<\/p><\/div>\n<p><strong>Direction du programme de soutien \u00e0 l\u2019autonomie des personnes \u00e2g\u00e9es<br \/>\n<\/strong>La Direction du programme de soutien \u00e0 l\u2019autonomie des personnes \u00e2g\u00e9es (SAPA) b\u00e9n\u00e9ficie de l\u2019expertise de 20 travailleurs sociaux qui r\u00e9pondent pr\u00e9sents chaque jour afin de supporter les usagers et familles dans leur transition vers un h\u00e9bergement public. Ils contribuent \u00e9galement \u00e0 prot\u00e9ger les usagers vuln\u00e9rables et s\u2019assurent qu\u2019ils re\u00e7oivent des services de qualit\u00e9 et conformes \u00e0 leurs besoins.<\/p>\n<div id=\"attachment_205335\" style=\"width: 510px\" class=\"wp-caption aligncenter\"><img aria-describedby=\"caption-attachment-205335\" decoding=\"async\" loading=\"lazy\" class=\"wp-image-205335\" src=\"https:\/\/santemc.quebec\/santemc\/icentre\/wp-content\/uploads\/2022\/03\/Photo_Icentre_SAPA-1.png\" alt=\"\" width=\"500\" height=\"221\" srcset=\"https:\/\/santemc.quebec\/santemc\/icentre\/wp-content\/uploads\/2022\/03\/Photo_Icentre_SAPA-1.png 981w, https:\/\/santemc.quebec\/santemc\/icentre\/wp-content\/uploads\/2022\/03\/Photo_Icentre_SAPA-1-300x133.png 300w, https:\/\/santemc.quebec\/santemc\/icentre\/wp-content\/uploads\/2022\/03\/Photo_Icentre_SAPA-1-768x340.png 768w, https:\/\/santemc.quebec\/santemc\/icentre\/wp-content\/uploads\/2022\/03\/Photo_Icentre_SAPA-1-500x221.png 500w\" sizes=\"(max-width: 500px) 100vw, 500px\" \/><p id=\"caption-attachment-205335\" class=\"wp-caption-text\">Travailleurs sociaux de l&rsquo;\u00e9quipe CCLM : Audrey Lapierre, Florence Fran\u00e7ois, Debbie Antoine, Mait\u00e9 Fournier Ruiz, \u00c9milie Lesp\u00e9rance, Joseph Graillot et Roxanne Sasseville.<\/p><\/div>\n<p><strong>Direction de la canc\u00e9rologie<br \/>\n<\/strong>Cinq travailleurs sociaux font partie de l\u2019\u00e9quipe de la Direction de la canc\u00e9rologie de notre CISSS. Ils sont pr\u00e9sents en situation de crise pour l&rsquo;ensemble des usagers lors du continuum de soins, c&rsquo;est-\u00e0-dire du diagnostic jusqu&rsquo;\u00e0 la fin de vie. Ils accompagnent les usagers dans toutes les \u00e9tapes de la maladie et centrent leurs soins vers l&rsquo;usager et sa famille.<\/p>\n<div id=\"attachment_205316\" style=\"width: 310px\" class=\"wp-caption aligncenter\"><a href=\"https:\/\/santemc.quebec\/santemc\/icentre\/wp-content\/uploads\/2022\/03\/Photo_ICentre_Cancerologie-scaled.jpg\"><img aria-describedby=\"caption-attachment-205316\" decoding=\"async\" loading=\"lazy\" class=\"wp-image-205316 size-medium\" src=\"https:\/\/santemc.quebec\/santemc\/icentre\/wp-content\/uploads\/2022\/03\/Photo_ICentre_Cancerologie-300x225.jpg\" alt=\"\" width=\"300\" height=\"225\" srcset=\"https:\/\/santemc.quebec\/santemc\/icentre\/wp-content\/uploads\/2022\/03\/Photo_ICentre_Cancerologie-300x225.jpg 300w, https:\/\/santemc.quebec\/santemc\/icentre\/wp-content\/uploads\/2022\/03\/Photo_ICentre_Cancerologie-1024x768.jpg 1024w, https:\/\/santemc.quebec\/santemc\/icentre\/wp-content\/uploads\/2022\/03\/Photo_ICentre_Cancerologie-768x576.jpg 768w, https:\/\/santemc.quebec\/santemc\/icentre\/wp-content\/uploads\/2022\/03\/Photo_ICentre_Cancerologie-1536x1152.jpg 1536w, https:\/\/santemc.quebec\/santemc\/icentre\/wp-content\/uploads\/2022\/03\/Photo_ICentre_Cancerologie-2048x1536.jpg 2048w, https:\/\/santemc.quebec\/santemc\/icentre\/wp-content\/uploads\/2022\/03\/Photo_ICentre_Cancerologie-400x300.jpg 400w\" sizes=\"(max-width: 300px) 100vw, 300px\" \/><\/a><p id=\"caption-attachment-205316\" class=\"wp-caption-text\">Joanie T\u00e9treault, travailleuse sociale, Francis Fr\u00e9chette et Jean-Ren\u00e9 Dion, travailleurs sociaux de la Direction de la canc\u00e9rologie.<\/p><\/div>\n<p><strong>Direction des services professionnels<br \/>\n<\/strong>La Direction des services professionnels compte 22 travailleurs sociaux au sein de son \u00e9quipe. Ces derniers travaillent en partenariat avec des professionnels de multiples disciplines qui offrent des soins et des services directement avec la client\u00e8le. Cette \u00e9quipe engag\u00e9e contribue \u00e0 l\u2019am\u00e9lioration de l\u2019application des processus cliniques selon les normes et standards des pratiques professionnelles.<\/p>\n<div id=\"attachment_205314\" style=\"width: 308px\" class=\"wp-caption aligncenter\"><a href=\"https:\/\/santemc.quebec\/santemc\/icentre\/wp-content\/uploads\/2022\/03\/Photo_Icentre_DirectionServiceProfessionnels.jpg\"><img aria-describedby=\"caption-attachment-205314\" decoding=\"async\" loading=\"lazy\" class=\"wp-image-205314 size-medium\" src=\"https:\/\/santemc.quebec\/santemc\/icentre\/wp-content\/uploads\/2022\/03\/Photo_Icentre_DirectionServiceProfessionnels-298x300.jpg\" alt=\"\" width=\"298\" height=\"300\" srcset=\"https:\/\/santemc.quebec\/santemc\/icentre\/wp-content\/uploads\/2022\/03\/Photo_Icentre_DirectionServiceProfessionnels-298x300.jpg 298w, https:\/\/santemc.quebec\/santemc\/icentre\/wp-content\/uploads\/2022\/03\/Photo_Icentre_DirectionServiceProfessionnels-150x150.jpg 150w, https:\/\/santemc.quebec\/santemc\/icentre\/wp-content\/uploads\/2022\/03\/Photo_Icentre_DirectionServiceProfessionnels-768x772.jpg 768w, https:\/\/santemc.quebec\/santemc\/icentre\/wp-content\/uploads\/2022\/03\/Photo_Icentre_DirectionServiceProfessionnels.jpg 963w\" sizes=\"(max-width: 298px) 100vw, 298px\" \/><\/a><p id=\"caption-attachment-205314\" class=\"wp-caption-text\">De gauche \u00e0 droite\u00a0: Annick Beauregard, chef de service GMF, Alexandra Labrecque, adjointe administrative, Josiane Poussard, sp\u00e9cialiste en activit\u00e9s cliniques et Jalline Ohannessian, infirmi\u00e8re clinicienne assistante du sup\u00e9rieur imm\u00e9diat.<\/p><\/div>\n<p><strong>Direction des programmes d\u00e9ficiences (DI-TSA, DP et DV)<br \/>\n<\/strong>La Direction des programmes d\u00e9ficiences compte 24 travailleurs sociaux engag\u00e9s quotidiennement aupr\u00e8s de la client\u00e8le. De ce nombre, neuf travaillent \u00e0 l\u2019H\u00f4pital du Haut-Richelieu en offrant des services d\u2019adaptation et de soutien en DI-TSA et huit\u00a0 travaillent \u00e0 l\u2019H\u00f4pital Charles-Le Moyne et offrent des services sociaux \u00e0 domicile pour les personnes avec une d\u00e9ficience intellectuelle ou un trouble du spectre de l\u2019autisme.<\/p>\n<p>De son c\u00f4t\u00e9, l\u2019\u00e9quipe de l\u2019INLB d\u00e9nombre sept travailleurs sociaux qui interviennent aupr\u00e8s des client\u00e8les adultes et a\u00een\u00e9es. Leur travail consiste notamment \u00e0 accompagner les personnes composant avec une d\u00e9ficience visuelle dans leur processus d\u2019adaptation et d\u2019apprentissage \u00e0 utiliser leurs forces pour faire les choses diff\u00e9remment.<\/p>\n<table>\n<tbody>\n<tr>\n<td>\n<p><div id=\"attachment_205313\" style=\"width: 310px\" class=\"wp-caption aligncenter\"><a href=\"https:\/\/santemc.quebec\/santemc\/icentre\/wp-content\/uploads\/2022\/03\/Photo_ICentre_INLB1.png\"><img aria-describedby=\"caption-attachment-205313\" decoding=\"async\" loading=\"lazy\" class=\"wp-image-205313 size-medium\" src=\"https:\/\/santemc.quebec\/santemc\/icentre\/wp-content\/uploads\/2022\/03\/Photo_ICentre_INLB1-300x164.png\" alt=\"\" width=\"300\" height=\"164\" srcset=\"https:\/\/santemc.quebec\/santemc\/icentre\/wp-content\/uploads\/2022\/03\/Photo_ICentre_INLB1-300x164.png 300w, https:\/\/santemc.quebec\/santemc\/icentre\/wp-content\/uploads\/2022\/03\/Photo_ICentre_INLB1-768x420.png 768w, https:\/\/santemc.quebec\/santemc\/icentre\/wp-content\/uploads\/2022\/03\/Photo_ICentre_INLB1-500x274.png 500w, https:\/\/santemc.quebec\/santemc\/icentre\/wp-content\/uploads\/2022\/03\/Photo_ICentre_INLB1.png 1003w\" sizes=\"(max-width: 300px) 100vw, 300px\" \/><\/a><p id=\"caption-attachment-205313\" class=\"wp-caption-text\">Travailleurs sociaux d\u00e9di\u00e9s \u00e0 la client\u00e8le a\u00een\u00e9e avec une d\u00e9ficience visuelle : dans le sens de l\u2019horloge en partant de midi : \u00c9lisabeth Labb\u00e9e, Val\u00e9rie Tiffaut, Cathryn Thibert, Lionel Guy Ntcham Obam.<\/p><\/div><\/td>\n<td>\n<p><div id=\"attachment_205312\" style=\"width: 310px\" class=\"wp-caption aligncenter\"><a href=\"https:\/\/santemc.quebec\/santemc\/icentre\/wp-content\/uploads\/2022\/03\/Photo_ICentre_INLB2.png\"><img aria-describedby=\"caption-attachment-205312\" decoding=\"async\" loading=\"lazy\" class=\"wp-image-205312 size-medium\" src=\"https:\/\/santemc.quebec\/santemc\/icentre\/wp-content\/uploads\/2022\/03\/Photo_ICentre_INLB2-300x200.png\" alt=\"\" width=\"300\" height=\"200\" srcset=\"https:\/\/santemc.quebec\/santemc\/icentre\/wp-content\/uploads\/2022\/03\/Photo_ICentre_INLB2-300x200.png 300w, https:\/\/santemc.quebec\/santemc\/icentre\/wp-content\/uploads\/2022\/03\/Photo_ICentre_INLB2-768x511.png 768w, https:\/\/santemc.quebec\/santemc\/icentre\/wp-content\/uploads\/2022\/03\/Photo_ICentre_INLB2-451x300.png 451w, https:\/\/santemc.quebec\/santemc\/icentre\/wp-content\/uploads\/2022\/03\/Photo_ICentre_INLB2.png 874w\" sizes=\"(max-width: 300px) 100vw, 300px\" \/><\/a><p id=\"caption-attachment-205312\" class=\"wp-caption-text\">Travailleuses sociales d\u00e9di\u00e9es \u00e0 la client\u00e8le adulte avec une d\u00e9ficience visuelle : M\u00e9lanie Coulombe, Val\u00e9rie Gagn\u00e9 et Johannie Rochon.<\/p><\/div><\/td>\n<\/tr>\n<\/tbody>\n<\/table>\n<p><strong>Passez \u00e0 l\u2019action!<\/strong><\/p>\n<p><a href=\"https:\/\/www.facebook.com\/permalink.php?story_fbid=2589087021224532&amp;id=447093372090585\" target=\"_blank\" rel=\"noopener\">Partagez la publication FB d\u00e9di\u00e9e \u00e0 nos travailleurs sociaux<\/a><\/p>\n<p>Passez le mot \u00e0 votre r\u00e9seau, nous sommes toujours \u00e0 la recherche de travailleurs sociaux dans \u00a0l\u2019\u00e9quipe du CISSSMC\u00a0: <a href=\"https:\/\/nousrecrutons.ca\/emploi\/travailleur-social\/?fbclid=IwAR3DeVy-0gJ6R-W_Gasew5Qkt1gfrSoWBEMi6pTV67S9nHfEnEFFrCwTRz0\" target=\"_blank\" rel=\"noopener\">https:\/\/nousrecrutons.ca\/emploi\/travailleur-social\/<\/a><\/p>\n<p>&nbsp;<\/p>\n","protected":false},"excerpt":{"rendered":"<p>Dans le cadre de la Semaine des travailleurs sociaux, qui se d\u00e9roule du 20-27 mars 2022, sous le th\u00e8me le travail social exprime ses couleurs, le CISSS de la Mont\u00e9r\u00e9gie-Centre souhaite souligner l\u2019engagement de ses 356 travailleurs sociaux.<\/p>\n","protected":false},"author":1,"featured_media":0,"comment_status":"open","ping_status":"closed","sticky":false,"template":"","format":"standard","meta":{"footnotes":""},"categories":[1],"tags":[],"_links":{"self":[{"href":"https:\/\/santemc.quebec\/icentre\/wp-json\/wp\/v2\/posts\/205308"}],"collection":[{"href":"https:\/\/santemc.quebec\/icentre\/wp-json\/wp\/v2\/posts"}],"about":[{"href":"https:\/\/santemc.quebec\/icentre\/wp-json\/wp\/v2\/types\/post"}],"author":[{"embeddable":true,"href":"https:\/\/santemc.quebec\/icentre\/wp-json\/wp\/v2\/users\/1"}],"replies":[{"embeddable":true,"href":"https:\/\/santemc.quebec\/icentre\/wp-json\/wp\/v2\/comments?post=205308"}],"version-history":[{"count":16,"href":"https:\/\/santemc.quebec\/icentre\/wp-json\/wp\/v2\/posts\/205308\/revisions"}],"predecessor-version":[{"id":205321,"href":"https:\/\/santemc.quebec\/icentre\/wp-json\/wp\/v2\/posts\/205308\/revisions\/205321"}],"wp:attachment":[{"href":"https:\/\/santemc.quebec\/icentre\/wp-json\/wp\/v2\/media?parent=205308"}],"wp:term":[{"taxonomy":"category","embeddable":true,"href":"https:\/\/santemc.quebec\/icentre\/wp-json\/wp\/v2\/categories?post=205308"},{"taxonomy":"post_tag","embeddable":true,"href":"https:\/\/santemc.quebec\/icentre\/wp-json\/wp\/v2\/tags?post=205308"}],"curies":[{"name":"wp","href":"https:\/\/api.w.org\/{rel}","templated":true}]}}